{"id":4001,"date":"2012-06-18T22:08:46","date_gmt":"2012-06-18T22:08:46","guid":{"rendered":"http:\/\/www2.nasaacin.org\/index.php\/2012\/06\/18\/un-general-extraditable-angel-y-claudia\/"},"modified":"2012-06-18T22:08:46","modified_gmt":"2012-06-18T22:08:46","slug":"un-general-extraditable-angel-y-claudia","status":"publish","type":"post","link":"https:\/\/tejidohistorico.afrodescendientes.com\/index.php\/2012\/06\/18\/un-general-extraditable-angel-y-claudia\/","title":{"rendered":"Un general extraditable \/ Angel y Claudia"},"content":{"rendered":"<p> \t<img alt=\"alt\" src=\"http:\/\/www.nasaacin.org\/images\/stories\/claudia.jpg\" style=\"margin: 4px; float: left; \" \/><\/p>\n<div> \t\u00c1NGEL QUINTERO Y CLAUDIA MONSALVE. El 6 de octubre del a\u00f1o 2000, a las 10:30 de la noche en una cafeter\u00eda de la ciudad de Medell\u00edn, fue la \u00faltima vez que Angel Quintero y Claudia MONSALVE departieron con cinco de sus amigos y compa\u00f1eros de la Asociaci\u00f3n de Familiares de Detenidos Desparecidos &ndash; ASFADDES_ seccional Medell\u00edn.\u00a0<\/div>\n<p>  <!--more-->  <\/p>\n<div> \tSu detenci\u00f3n ocurri\u00f3 en un contexto de una persecuci\u00f3n sistem\u00e1tica de agentes estatales contra organizaciones de derechos humanos y organizaciones sociales en Medell\u00edn. Dentro de los mecanismos de persecuci\u00f3n se descubri\u00f3 que un millar de l\u00edneas telef\u00f3nicas fueron interceptadas ilegalmente, actuaciones en las que particip\u00f3 el <strong>Teniente Mauricio Santoyo Velazco<\/strong>, entonces director del GAULA en la ciudad y ascendido despu\u00e9s a general de la polic\u00eda.<\/div>\n<div> \t\u00a0<\/div>\n<div> \t<strong><a href=\"http:\/\/www.youtube.com\/watch?v=tbqI5ChUeWw\">DESAPARECIDOS: http:\/\/www.youtube.com\/watch?v=tbqI5ChUeWw<\/a><\/strong><\/div>\n<div> \t\u00a0<\/div>\n<div>\n<div> \t\t<span style=\"font-size:16px;\"><span style=\"color: rgb(128, 0, 0); \"><strong>Un general extraditable<\/strong><\/span><\/span><\/div>\n<div> \t\tPor <strong>Daniel Coronell<\/strong> &#8211; Revista SEMANA Junio 17-24 2012<\/div>\n<div> \t\t\u00a0<\/div>\n<div> \t\tDel 7 de agosto de 2002 al 7 de agosto de 2010, <strong>Santoyo<\/strong> fue un intocable. Ahora lo esperan una orden de extradici\u00f3n y un juicio en Estados Unidos.<\/div>\n<div> \t\t\u00a0<\/div>\n<div> \t\tEl <strong>general Mauricio Santoyo Velasco<\/strong>, antiguo jefe de seguridad de la Presidencia de la Rep\u00fablica, est\u00e1 acusado en Estados Unidos de narcotr\u00e1fico en una operaci\u00f3n criminal que involucra a paramilitares y a la oficina de Envigado. La unidad investigativa de El Tiempo revel\u00f3 la noticia hace unas horas, despu\u00e9s de seguirla durante semanas.<\/div>\n<div> \t\t\u00a0<\/div>\n<div> \t\tEl indictment asegura que el general Santoyo recibi\u00f3 sobornos de la mafia por casi 5 millones de d\u00f3lares. Seg\u00fan el documento, el alto oficial entreg\u00f3 a los criminales informaci\u00f3n necesaria para secuestrar, extorsionar y asesinar personas. Dice adem\u00e1s que los alertaba sobre las operaciones de las autoridades para capturarlos o impedir la ejecuci\u00f3n de sus negocios il\u00edcitos. (<a href=\"http:\/\/www.semana.com\/documents\/Doc-2315_2012616.pdf\">Ver Acusaci\u00f3n Santoyo.pdf<\/a>)<\/div>\n<div> \t\t\u00a0<\/div>\n<div> \t\tEntre los cargos, que le formula la Corte Federal del Distrito de Virginia al general <strong>Mauricio Santoyo<\/strong>, est\u00e1 el de asociarse con l\u00edderes de las llamadas AUC y la Oficina de Envigado para traficar toneladas de coca\u00edna a Estados Unidos, entre 2000 y 2008.\u00a0<\/div>\n<div> \t\t\u00a0<\/div>\n<div> \t\tEl 7 de agosto de 2002, el entonces coronel <strong>Mauricio Santoyo Velasco<\/strong> fue nombrado por el reci\u00e9n posesionado presidente \u00c1lvaro Uribe como su jefe de seguridad.\u00a0<\/div>\n<div> \t\t\u00a0<\/div>\n<div> \t\tEl presidente sostuvo a Santoyo en ese puesto contra viento y marea, a pesar de que la Procuradur\u00eda lo destituy\u00f3 por su participaci\u00f3n en interceptaciones ilegales, efectuadas a\u00f1os antes cuando era comandante del Gaula en Medell\u00edn.\u00a0<\/div>\n<div> \t\t\u00a0<\/div>\n<div> \t\t<strong>En 2003, el Ministerio P\u00fablico encontr\u00f3 que Santoyo y otros subalternos suyos hab\u00edan efectuado chuzadas sin orden judicial a casi 2.000 l\u00edneas telef\u00f3nicas y que algunas de esas interceptaciones habr\u00edan contribuido a la desaparici\u00f3n de los activistas de derechos humanos Claudia Monsalve y \u00c1ngel Quintero.<\/strong><\/div>\n<div> \t\t\u00a0<\/div>\n<div> \t\tLo que sigui\u00f3 a la decisi\u00f3n de la Procuradur\u00eda fue una de las m\u00e1s escandalosas muestras de arrogancia del poder que haya conocido Colombia. En lugar de acatar la orden de destituci\u00f3n del entonces coronel Santoyo, la Presidencia de la Rep\u00fablica emiti\u00f3 un comunicado anunciado que el oficial seguir\u00eda en su cargo y rango mientras presentaba y se resolv\u00eda un recurso ante la misma Procuradur\u00eda. (<a href=\"http:\/\/www.semana.com\/photos\/1572\/ImgArticulo_T2_113000_2012616_174044.jpg\">Ver comunicado Presidencia.jpg<\/a>)<\/div>\n<div> \t\t\u00a0<\/div>\n<div> \t\tUn a\u00f1o despu\u00e9s, cuando el Ministerio P\u00fablico se ratific\u00f3, Santoyo tampoco sali\u00f3 de la Polic\u00eda y fue trasladado al \u00a0Ministerio de Defensa mientras presentaba una impugnaci\u00f3n ante el Consejo de Estado, donde logr\u00f3, entre otros, apoyos del entonces Magistrado y hoy Procurador General Alejandro Ord\u00f3\u00f1ez Maldonado.<\/div>\n<div> \t\t\u00a0<\/div>\n<div> \t\tCon la suspensi\u00f3n entre el bolsillo, el coronel Santoyo emprendi\u00f3 un nuevo round, respaldado por el entonces jefe de Estado, para convertirse en general. La Comisi\u00f3n Segunda del Senado de mayor\u00eda uribista le concedi\u00f3 su paso al generalato con 8 de 12 votos. S\u00f3lo se opusieron los senadores Cecilia L\u00f3pez, \u00a0Alexandra Moreno, Juan Manuel Gal\u00e1n y Jes\u00fas Pi\u00f1acu\u00e9, a quienes hoy la historia les hace justicia.<\/div>\n<div> \t\t\u00a0<\/div>\n<div> \t\tEl ya General Santoyo fue enviado por el presidente Uribe como agregado de polic\u00eda a la Embajada en Italia. De vuelta a Colombia -y cuando faltaban apenas dos d\u00edas para la finalizaci\u00f3n del gobierno de su protector, el 5 de agosto de 2010- Santoyo fue condecorado por el Jefe de Estado.<\/div>\n<div> \t\t\u00a0<\/div>\n<div> \t\tEn la ceremonia, Uribe afirm\u00f3: &ldquo;Me complace mucho haber entregado esta noche la Orden Nacional al M\u00e9rito al general Mauricio Santoyo, protector de todas las horas con toda su lealtad y toda su eficacia&rdquo;. (<a href=\"http:\/\/www.semana.com\/photos\/1572\/ImgArticulo_T2_113001_2012616_174055.jpg\">Ver discurso ceremonia.jpg<\/a>)<\/div>\n<div> \t\t\u00a0<\/div>\n<div> \t\tDel 7 de agosto de 2002 al 7 de agosto de 2010, Santoyo fue un intocable. Ahora lo espera una orden de extradici\u00f3n y un juicio en Estados Unidos.<\/div>\n<div> \t\t\u00a0<\/div>\n<div> \t\tEl caso estuvo bajo estricta reserva por un tiempo. El &lsquo;Motion to seal&rsquo; como se llama en la justicia americana la orden para mantener la confidencialidad explica: &ldquo;La divulgaci\u00f3n prematura de los cargos contra el acusado podr\u00eda poner en riesgo las relaciones diplom\u00e1ticas de Estados Unidos con Colombia&rdquo;.<\/div>\n<div> \t\t\u00a0<\/div>\n<div> \t\t<a href=\"http:\/\/www.eltiempo.com\/justicia\/santoyo-el-primer-general-que-enfrenta-la-extradicion_11953069-4\">Esta es la historia del primer general al que EE. UU. pide extraditar &#8211; Unidad investigativa EL TIEMPO<\/a><\/div>\n<div> \t\t\u00a0<\/div>\n<div> \t\t<strong>\u00c1REA DE COMUNICACIONES \/ ASOCIACI\u00d3N CAMPESINA DE ANTIOQUIA<\/strong><\/div>\n<div> \t\tObservatorio Audiovisual e Investigativo sobre Procesos Comunitarios y de Resistencia<\/div>\n<div> \t\tPRODUCCIONES EL RETORNO \/ 2012 &#8211; <a href=\"http:\/\/comunicaciones.acantioquia.org\/\">http:\/\/comunicaciones.acantioquia.org\/<\/a><\/div>\n<\/p><\/div>\n<p> \t\u00a0<\/p>\n","protected":false},"excerpt":{"rendered":"<p>\u00c1NGEL QUINTERO Y CLAUDIA MONSALVE. El 6 de octubre del a\u00f1o 2000, a las 10:30 de la noche en una cafeter\u00eda de la ciudad de Medell\u00edn, fue la \u00faltima vez que Angel [&hellip;]<\/p>\n","protected":false},"author":2,"featured_media":0,"comment_status":"open","ping_status":"open","sticky":false,"template":"","format":"standard","meta":[],"categories":[75],"tags":[],"_links":{"self":[{"href":"https:\/\/tejidohistorico.afrodescendientes.com\/index.php\/wp-json\/wp\/v2\/posts\/4001"}],"collection":[{"href":"https:\/\/tejidohistorico.afrodescendientes.com\/index.php\/wp-json\/wp\/v2\/posts"}],"about":[{"href":"https:\/\/tejidohistorico.afrodescendientes.com\/index.php\/wp-json\/wp\/v2\/types\/post"}],"author":[{"embeddable":true,"href":"https:\/\/tejidohistorico.afrodescendientes.com\/index.php\/wp-json\/wp\/v2\/users\/2"}],"replies":[{"embeddable":true,"href":"https:\/\/tejidohistorico.afrodescendientes.com\/index.php\/wp-json\/wp\/v2\/comments?post=4001"}],"version-history":[{"count":0,"href":"https:\/\/tejidohistorico.afrodescendientes.com\/index.php\/wp-json\/wp\/v2\/posts\/4001\/revisions"}],"wp:attachment":[{"href":"https:\/\/tejidohistorico.afrodescendientes.com\/index.php\/wp-json\/wp\/v2\/media?parent=4001"}],"wp:term":[{"taxonomy":"category","embeddable":true,"href":"https:\/\/tejidohistorico.afrodescendientes.com\/index.php\/wp-json\/wp\/v2\/categories?post=4001"},{"taxonomy":"post_tag","embeddable":true,"href":"https:\/\/tejidohistorico.afrodescendientes.com\/index.php\/wp-json\/wp\/v2\/tags?post=4001"}],"curies":[{"name":"wp","href":"https:\/\/api.w.org\/{rel}","templated":true}]}}