{"id":4010,"date":"2012-06-21T15:36:24","date_gmt":"2012-06-21T15:36:24","guid":{"rendered":"http:\/\/www2.nasaacin.org\/index.php\/2012\/06\/21\/general-santoyo-fue-denunciado-en-2001-por-nexos-con-paras\/"},"modified":"2012-06-21T15:36:24","modified_gmt":"2012-06-21T15:36:24","slug":"general-santoyo-fue-denunciado-en-2001-por-nexos-con-paras","status":"publish","type":"post","link":"https:\/\/tejidohistorico.afrodescendientes.com\/index.php\/2012\/06\/21\/general-santoyo-fue-denunciado-en-2001-por-nexos-con-paras\/","title":{"rendered":"General Santoyo fue denunciado en 2001 por nexos con \u2018paras\u2019"},"content":{"rendered":"<\/p>\n<div> \tMauricio Santoyo se convierte en el oficial de la Polic\u00eda de m\u00e1s alto rango salpicado por nexos con paramilitares y narcotraficantes (Foto Semana).\u00a0En esa \u00e9poca, un agente del Gaula Urbano de Medell\u00edn hab\u00eda advertido de los nexos del alto oficial con grupos armados en la capital antioque\u00f1a. La denuncia fue desestimada por el entonces fiscal Alfonso G\u00f3mez M\u00e9ndez.<\/div>\n<p>  <!--more-->  <\/p>\n<div> \t\u00a0<\/div>\n<div> \t\u00a0&ldquo;Soy un agente de la Polic\u00eda Nacional adscrito al Gaula Urbano de la ciudad de Medell\u00edn. Las irregularidades que se viene presentando al interior de esta dependencia son muchas&rdquo;, escribi\u00f3 el uniformado de manera an\u00f3nima el 16 de abril de 2001 en una carta enviada al entonces Fiscal General de la Naci\u00f3n, Alfonso G\u00f3mez M\u00e9ndez, y cuya denuncia ya involucraba al oficial Mauricio Santoyo Velasco, para esos a\u00f1os Coronel de la Polic\u00eda Nacional.<\/div>\n<div> \t\u00a0<\/div>\n<div> \tDe acuerdo con el denunciante, las irregularidades en esa agencia especializada en la persecuci\u00f3n del secuestro y la extorsi\u00f3n se ven\u00edan presentando desde hac\u00eda varios a\u00f1os, cuando estuvieron al frente del Gaula el coronel Santoyo Velasco y el capit\u00e1n Hervey Gerardo Grijalva Su\u00e1rez. Seg\u00fan ese testimonio, hab\u00eda ya una colaboraci\u00f3n con<a href=\"http:\/\/www.verdadabierta.com\/nunca-mas\/304-la-entrega\"> la banda La Terraza<\/a> y grupos paramilitares que estaban penetrando en la capital antioque\u00f1a y municipios cercanos.<\/div>\n<div> \t\u00a0<\/div>\n<div> \t&ldquo;La colaboraci\u00f3n se compon\u00eda de escoltar armamento hacia las zonas rurales de Antioquia y de interceptarle l\u00edneas telef\u00f3nicas ya fuera de guerrilleros o de personas que le debieran algo a los paramilitares o de ONG (organizaciones no gubernamentales) que tuvieran que ver con la subversi\u00f3n&rdquo;, explic\u00f3 el agente an\u00f3nimo.\u00a0<\/div>\n<div> \t\u00a0<\/div>\n<div> \tAl respecto el ex fiscal general de la Naci\u00f3n, Luis Camilo Osorio admiti\u00f3 que en el pasado el ente acusador s\u00ed lleg\u00f3 tener investigaciones en contra de Santoyo Velasco por narcotr\u00e1fico. &ldquo;En esa \u00e9poca hab\u00eda una investigaci\u00f3n en proceso, cuando Santoyo era coronel, para lo que se design\u00f3 un fiscal, este tom\u00f3 las medidas pertinentes, pero no lo absolvi\u00f3 del caso&rdquo;. Sin embargo, no se sabe qu\u00e9 ocurri\u00f3 con ese proceso.<\/div>\n<div> \t\u00a0<\/div>\n<div> \tPara esos a\u00f1os Medell\u00edn y el \u00e1rea metropolitana padec\u00edan por lo menos tres confrontaciones: una de ellas era la del <a href=\"http:\/\/www.verdadabierta.com\/editores\/multimedias\/jefes\/jefe30.swf\">Bloque Metro de las Autodefensas Campesinas de C\u00f3rdoba y Urab\u00e1 (Accu<\/a>) contra las milicias de las guerrillas de las Farc, el Eln y los Comandos Armados del Pueblo (Cap); otra era la de ese <a href=\"http:\/\/www.verdadabierta.com\/rearmados\/301-la-caceria\">Bloque Metro con el naciente Bloque Cacique Nutibara de las Autodefensas<\/a> Unidas de Colombia (Auc); y otra era la del <a href=\"http:\/\/www.verdadabierta.com\/nunca-mas\/39-desaparecidos\/568-la-gran-exhumacion-en-la-comuna-13-de-medellin\">Bloque Cacique Nutibara con la insurgencia urbana.<\/a><\/div>\n<div> \t\u00a0<\/div>\n<div> \tParalelo a ello, se ven\u00eda desarrollando con fuerza la llamada &lsquo;Oficina de Envigado&rsquo;, ya m\u00e1s organizada y bajo la jefatura de <a href=\"http:\/\/www.verdadabierta.com\/rearmados\/303-los-secretos-de-don-berna-\">Diego Fernando Murillo Bejarano, alias &lsquo;Don Berna&rsquo;,<\/a> quien no solo ten\u00eda ya un grupo paramilitar a su servicio, el Bloque Cacique Nutibara, sino que fung\u00eda como Inspector General de las Auc y continuaba en el negocio del narcotr\u00e1fico.<\/div>\n<div> \t\u00a0<\/div>\n<div> \tEl poder de corrupci\u00f3n de esta banda criminal era de tal nivel que perme\u00f3 agencias estatales como la Fiscal\u00eda General de la Naci\u00f3n y su Cuerpo T\u00e9cnico de Investigaciones, as\u00ed como la Polic\u00eda Metropolitana del Valle de Aburr\u00e1 y la IV Brigada del Ej\u00e9rcito.<\/div>\n<div> \t\u00a0<\/div>\n<div> \tLa capital antioque\u00f1a viv\u00eda tiempos complejos y una de las mayores preocupaciones era la guerrilla y sus supuestos auxiliadores y simpatizantes, lo que deriv\u00f3 en una persecuci\u00f3n que combin\u00f3 fuerzas regulares, particularmente el Gaula urbano, adscrito a la Polic\u00eda Metropolitana del Valle de Aburr\u00e1, y fuerzas irregulares.<\/div>\n<div> \t\u00a0<\/div>\n<div> \tInvestigaciones judiciales sobre las interceptaciones ilegales realizadas por el Gaula Urbano permitieron determinar que entre diciembre de 1997 y febrero de 2001 se &ldquo;chuzaron&rdquo; un total de 1.808 l\u00edneas intervenidas con \u00f3rdenes falsas con el fin de hacerle seguimiento a diversas organizaciones defensoras de derechos humanos. Al frente de esas acciones estuvo por varios a\u00f1os el coronel Santoyo Velasco, quien pese a las evidencias, fue absuelto por la justicia y escal\u00f3 posiciones, pasando por la comandancia en Medell\u00edn del Cuerpo \u00c9lite Antiterrorista (CEAT), justo en la \u00e9poca de m\u00e1s confrontaci\u00f3n entre estructuras de las Accu y las Auc, y llegando a ser Jefe de Seguridad de la Presidencia de la Rep\u00fablica durante buena parte del periodo de \u00c1lvaro Uribe V\u00e9lez.<\/div>\n<div> \t\u00a0<\/div>\n<div> \tLo denunciado por aquel agente an\u00f3nimo se ajusta perfectamente a lo que han se\u00f1alado ante las autoridades judiciales norteamericanas el confeso narcotraficante y miembro de las Auc, <a href=\"http:\/\/www.verdadabierta.com\/rearmados\/2779-el-tuso-sierra-salpica-a-dirigentes-antioquenos-politicos-antioquenos-con-la-oficina-de-envigado\">Juan Carlos Sierra Ram\u00edrez, alias &lsquo;El Tuso&rsquo;,<\/a> quien le asegur\u00f3 a investigadores de la Corte Suprema de Justicia en mayo de 2010 que Santoyo era cercano a las estructuras paramilitares de las Auc y, por lo tanto, a la llamada &lsquo;Oficina de Envigado&rsquo;.<\/div>\n<div> \t\u00a0<\/div>\n<div> \tLa carta de aquel agente del Gaula Urbano de abril de 2001 y las declaraciones de alias &lsquo;El Tuso&rsquo; tienen hoy pleno respaldo en el escrito de acusaci\u00f3n que un fiscal del Distrito Federal del Estado de Virginia le envi\u00f3 a las autoridades colombianas con el fin de solicitar la captura del ex general Santoyo Velasco y su extradici\u00f3n a Estados Unidos para que responda por delitos asociados al tr\u00e1fico de drogas. Las investigaciones en ese pa\u00eds se ven\u00edan desarrollando hac\u00eda m\u00e1s de un a\u00f1o.<\/div>\n<div> \t\u00a0<\/div>\n<div> \tDe acuerdo con el fiscal Neil H. MacBride, Santoyo Velasco presuntamente recibi\u00f3 sobornos a cambio de colaborar con las operaciones de narcotr\u00e1fico hacia Centroam\u00e9rica y Estados Unidos realizadas por la llamada &lsquo;Oficina de Envigado&rsquo;; dar informaci\u00f3n sobre investigaciones judiciales en contra de quienes estaban al frente de esa empresa criminal realizadas en Inglaterra, Colombia y Estados Unidos; interceptar comunicaciones de manera ilegal para favorecer a los narcotraficantes; facilitar la transferencia de agentes de polic\u00eda proclives a tolerar el negocio de las drogas; corruptos, que m\u00e1s ayudaron a estos traficantes de drogas en sus negocios; y proveer informaci\u00f3n de inteligencia recopilada por la polic\u00eda colombiana sobre los traficantes de drogas, varios de los cuales fueron asesinados.<\/div>\n<div> \t\u00a0<\/div>\n<div> \tPor lo pronto, el ex oficial solicitado en extradici\u00f3n ha dicho que aclarar\u00e1 su situaci\u00f3n ante las autoridades estadounidenses. &ldquo;Es procedente decir que siempre he estado y estar\u00e9 a disposici\u00f3n de las autoridades pertinentes para aclarar cualquier sindicaci\u00f3n que se me haga&#8221;, dijo Santoyo Velasco a trav\u00e9s de un comunicado.<\/div>\n<div> \t\u00a0<\/div>\n<div> \t<a href=\"http:\/\/www.verdadabierta.com\/component\/content\/article\/4064-mauricio-santoyo-fue-denunciado-en-2001-por-nexos-con-paras\">http:\/\/www.verdadabierta.com\/component\/content\/article\/4064-mauricio-santoyo-fue-denunciado-en-2001-por-nexos-con-paras<\/a><\/div>\n","protected":false},"excerpt":{"rendered":"<p>Mauricio Santoyo se convierte en el oficial de la Polic\u00eda de m\u00e1s alto rango salpicado por nexos con paramilitares y narcotraficantes (Foto Semana).\u00a0En esa \u00e9poca, un agente del Gaula Urbano de Medell\u00edn [&hellip;]<\/p>\n","protected":false},"author":2,"featured_media":0,"comment_status":"open","ping_status":"open","sticky":false,"template":"","format":"standard","meta":[],"categories":[75],"tags":[],"_links":{"self":[{"href":"https:\/\/tejidohistorico.afrodescendientes.com\/index.php\/wp-json\/wp\/v2\/posts\/4010"}],"collection":[{"href":"https:\/\/tejidohistorico.afrodescendientes.com\/index.php\/wp-json\/wp\/v2\/posts"}],"about":[{"href":"https:\/\/tejidohistorico.afrodescendientes.com\/index.php\/wp-json\/wp\/v2\/types\/post"}],"author":[{"embeddable":true,"href":"https:\/\/tejidohistorico.afrodescendientes.com\/index.php\/wp-json\/wp\/v2\/users\/2"}],"replies":[{"embeddable":true,"href":"https:\/\/tejidohistorico.afrodescendientes.com\/index.php\/wp-json\/wp\/v2\/comments?post=4010"}],"version-history":[{"count":0,"href":"https:\/\/tejidohistorico.afrodescendientes.com\/index.php\/wp-json\/wp\/v2\/posts\/4010\/revisions"}],"wp:attachment":[{"href":"https:\/\/tejidohistorico.afrodescendientes.com\/index.php\/wp-json\/wp\/v2\/media?parent=4010"}],"wp:term":[{"taxonomy":"category","embeddable":true,"href":"https:\/\/tejidohistorico.afrodescendientes.com\/index.php\/wp-json\/wp\/v2\/categories?post=4010"},{"taxonomy":"post_tag","embeddable":true,"href":"https:\/\/tejidohistorico.afrodescendientes.com\/index.php\/wp-json\/wp\/v2\/tags?post=4010"}],"curies":[{"name":"wp","href":"https:\/\/api.w.org\/{rel}","templated":true}]}}