{"id":4011,"date":"2012-06-21T16:00:33","date_gmt":"2012-06-21T16:00:33","guid":{"rendered":"http:\/\/www2.nasaacin.org\/index.php\/2012\/06\/21\/llegan-las-guerras-con-aviones-sin-pilotos\/"},"modified":"2012-06-21T16:00:33","modified_gmt":"2012-06-21T16:00:33","slug":"llegan-las-guerras-con-aviones-sin-pilotos","status":"publish","type":"post","link":"https:\/\/tejidohistorico.afrodescendientes.com\/index.php\/2012\/06\/21\/llegan-las-guerras-con-aviones-sin-pilotos\/","title":{"rendered":"Llegan las Guerras con Aviones sin Pilotos"},"content":{"rendered":"<div> \tPara los millones que sufr\u00edan la grosera e insostenible estupidez de los a\u00f1os de Bush, el comienzo de la Aministraci\u00f3n Obama pareci\u00f3 como la salida del sol naciente de una primavera feliz despu\u00e9s de las tormentas de un desolador desorden.<\/div>\n<p>  <!--more-->  <\/p>\n<div> \t\u00a0<\/div>\n<div> \t\u00bfQui\u00e9n iba a pensar que la ascensi\u00f3n al poder de Barack H. Obama ser\u00eda, en algunas formas, un eco de los a\u00f1os de Bush?<\/div>\n<div> \t\u00a0<\/div>\n<div> \tBush se divert\u00eda con la guerra y se enorgullec\u00eda de ser un &#8220;Presidente Guerrero.&#8221;\u00a0Obama, por el contrario, raras veces habla de guerras, nunca se jacta de \u00e9so, pero desata sus guerras con una intensidad que solo se puede considerar, escalofriante.<\/div>\n<div> \t\u00a0<\/div>\n<div> \tSeg\u00fan un reciente art\u00edculo del New York Times, Obama se ha vuelto un guerrero secreto, que desencadena ataques con aviones sin pilotos contra presuntos (!) enemigos del Estado en una proporci\u00f3n que har\u00eda temblar a su belicoso predecesor George W. Bush.<\/div>\n<div> \t\u00a0<\/div>\n<div> \tEn Afganist\u00e1n, en Pakist\u00e1n, en los Territorios Federados (que limitan ambos paises), en Yemen, en Somalia reinan las guerras con aviones sin pilotos, manejados por computador, que llueven del cielo una muerte silenciosa que mata a &#8220;sospechosos&#8221;, a miembros de sus grupos, a sus familias y a sus vecinos.<\/div>\n<div> \t\u00a0<\/div>\n<div> \tLo curioso es que haya alquien que exprese sorpresa; porque Obama dijo ex\u00e1ctamente lo que \u00e9l iba a hacer: atacar a sospechosos de terrorismo no importa donde est\u00e9n; y capturar o matar a Osama bin Laden.<\/div>\n<div> \t\u00a0<\/div>\n<div> \tSus entusiastas partidarios, cansados de las torpezas y de los malos usos del lenguaje de Bush, o no prestaron atenci\u00f3n a las promesas de Obama, o pretendieron no escucharlas.<\/div>\n<div> \t\u00a0<\/div>\n<div> \tPorque en asuntos de guerra, Obama es m\u00e1s agresivo que Bush, m\u00e1s tecnol\u00f3gico, m\u00e1s centrado &#8211;y no no habla mucho de lo que hace.<\/div>\n<div> \t\u00a0<\/div>\n<div> \tUn hombre con punzante sentido del humor sugiri\u00f3 que Obama es en verdad Bush en esteroides &#8211;m\u00e1s callado, m\u00e1s agresivo, m\u00e1s despiadado.<\/div>\n<div> \t\u00a0<\/div>\n<div> \tY \u00e9se &#8211;a\u00fan cuando sin pensarlo&#8211; es el mundo por el que hemos votado.<\/div>\n<div> \t\u00a0<\/div>\n<div> \t\u00a0<\/div>\n<div> \t&#8211;\u00a9&rsquo;12 maj<\/div>\n<div> \t\u00a0<\/div>\n<div>\n<div> \t\t<span style=\"font-size:14px;\"><strong>Mum\u00eda Ab\u00fa-Jamal<\/strong><\/span><\/div>\n<div> \t\t1\/6\/2012<\/div>\n<\/p><\/div>\n<div> \t\u00a0<\/div>\n<div> \t<strong>Traducci\u00f3n libre del ingl\u00e9s enviado por<\/strong><\/div>\n<div> \t<strong>Fatirah Aziz, Litestar01@aol.com,<\/strong><\/div>\n<div> \t<strong>hecha en REFUGIO DEL RIO GRANDE, Texas.<\/strong><\/div>\n","protected":false},"excerpt":{"rendered":"<p>Para los millones que sufr\u00edan la grosera e insostenible estupidez de los a\u00f1os de Bush, el comienzo de la Aministraci\u00f3n Obama pareci\u00f3 como la salida del sol naciente de una primavera feliz [&hellip;]<\/p>\n","protected":false},"author":2,"featured_media":0,"comment_status":"open","ping_status":"open","sticky":false,"template":"","format":"standard","meta":[],"categories":[3],"tags":[],"_links":{"self":[{"href":"https:\/\/tejidohistorico.afrodescendientes.com\/index.php\/wp-json\/wp\/v2\/posts\/4011"}],"collection":[{"href":"https:\/\/tejidohistorico.afrodescendientes.com\/index.php\/wp-json\/wp\/v2\/posts"}],"about":[{"href":"https:\/\/tejidohistorico.afrodescendientes.com\/index.php\/wp-json\/wp\/v2\/types\/post"}],"author":[{"embeddable":true,"href":"https:\/\/tejidohistorico.afrodescendientes.com\/index.php\/wp-json\/wp\/v2\/users\/2"}],"replies":[{"embeddable":true,"href":"https:\/\/tejidohistorico.afrodescendientes.com\/index.php\/wp-json\/wp\/v2\/comments?post=4011"}],"version-history":[{"count":0,"href":"https:\/\/tejidohistorico.afrodescendientes.com\/index.php\/wp-json\/wp\/v2\/posts\/4011\/revisions"}],"wp:attachment":[{"href":"https:\/\/tejidohistorico.afrodescendientes.com\/index.php\/wp-json\/wp\/v2\/media?parent=4011"}],"wp:term":[{"taxonomy":"category","embeddable":true,"href":"https:\/\/tejidohistorico.afrodescendientes.com\/index.php\/wp-json\/wp\/v2\/categories?post=4011"},{"taxonomy":"post_tag","embeddable":true,"href":"https:\/\/tejidohistorico.afrodescendientes.com\/index.php\/wp-json\/wp\/v2\/tags?post=4011"}],"curies":[{"name":"wp","href":"https:\/\/api.w.org\/{rel}","templated":true}]}}