{"id":4020,"date":"2012-06-22T22:03:45","date_gmt":"2012-06-22T22:03:45","guid":{"rendered":"http:\/\/www2.nasaacin.org\/index.php\/2012\/06\/22\/denuncia-publica-san-vicente-del-caguan\/"},"modified":"2012-06-22T22:03:45","modified_gmt":"2012-06-22T22:03:45","slug":"denuncia-publica-san-vicente-del-caguan","status":"publish","type":"post","link":"https:\/\/tejidohistorico.afrodescendientes.com\/index.php\/2012\/06\/22\/denuncia-publica-san-vicente-del-caguan\/","title":{"rendered":"Denuncia P\u00fablica: San Vicente del Cagu\u00e1n"},"content":{"rendered":"<p> \tDENUNCIA P\u00daBLICA Las Autoridades Tradicionales de los Pueblos Ind\u00edgenas del Municipio de San Vicente del Cagu\u00e1n en el departamento del Caquet\u00e1, denunciamos ante la opini\u00f3n p\u00fablica, ante las instituciones y ONG defensoras de Derechos Humanos a nivel nacional e internacional, los GRAVES SE\u00d1ALAMIENTOS HECHOS CONTRA LAS COMUNIDADES INDIGENAS DE ESTE MUNICIPIO EN EL PERIODICO EL TIEMPO, el pasado 11 de junio a las 10:30 pm, en la columna escrita por la periodista JINETH BEDOYA LIMA titulada: &ldquo;Empieza gigantesca extinci\u00f3n de tierras despojadas por las Farc&rdquo;.<\/p>\n","protected":false},"excerpt":{"rendered":"<p>DENUNCIA P\u00daBLICA Las Autoridades Tradicionales de los Pueblos Ind\u00edgenas del Municipio de San Vicente del Cagu\u00e1n en el departamento del Caquet\u00e1, denunciamos ante la opini\u00f3n p\u00fablica, ante las instituciones y ONG defensoras [&hellip;]<\/p>\n","protected":false},"author":2,"featured_media":0,"comment_status":"open","ping_status":"open","sticky":false,"template":"","format":"standard","meta":[],"categories":[61],"tags":[],"_links":{"self":[{"href":"https:\/\/tejidohistorico.afrodescendientes.com\/index.php\/wp-json\/wp\/v2\/posts\/4020"}],"collection":[{"href":"https:\/\/tejidohistorico.afrodescendientes.com\/index.php\/wp-json\/wp\/v2\/posts"}],"about":[{"href":"https:\/\/tejidohistorico.afrodescendientes.com\/index.php\/wp-json\/wp\/v2\/types\/post"}],"author":[{"embeddable":true,"href":"https:\/\/tejidohistorico.afrodescendientes.com\/index.php\/wp-json\/wp\/v2\/users\/2"}],"replies":[{"embeddable":true,"href":"https:\/\/tejidohistorico.afrodescendientes.com\/index.php\/wp-json\/wp\/v2\/comments?post=4020"}],"version-history":[{"count":0,"href":"https:\/\/tejidohistorico.afrodescendientes.com\/index.php\/wp-json\/wp\/v2\/posts\/4020\/revisions"}],"wp:attachment":[{"href":"https:\/\/tejidohistorico.afrodescendientes.com\/index.php\/wp-json\/wp\/v2\/media?parent=4020"}],"wp:term":[{"taxonomy":"category","embeddable":true,"href":"https:\/\/tejidohistorico.afrodescendientes.com\/index.php\/wp-json\/wp\/v2\/categories?post=4020"},{"taxonomy":"post_tag","embeddable":true,"href":"https:\/\/tejidohistorico.afrodescendientes.com\/index.php\/wp-json\/wp\/v2\/tags?post=4020"}],"curies":[{"name":"wp","href":"https:\/\/api.w.org\/{rel}","templated":true}]}}