{"id":4028,"date":"2012-06-25T15:08:08","date_gmt":"2012-06-25T15:08:08","guid":{"rendered":"http:\/\/www2.nasaacin.org\/index.php\/2012\/06\/25\/monsanto-golpea-en-paraguay\/"},"modified":"2012-06-25T15:08:08","modified_gmt":"2012-06-25T15:08:08","slug":"monsanto-golpea-en-paraguay","status":"publish","type":"post","link":"https:\/\/tejidohistorico.afrodescendientes.com\/index.php\/2012\/06\/25\/monsanto-golpea-en-paraguay\/","title":{"rendered":"Monsanto golpea en Paraguay"},"content":{"rendered":"<p> \tMonsanto golpea en Paraguay: Los muertos de Curuguaty y el juicio pol\u00edtico a Lugo.\u00a0Quienes est\u00e1n detr\u00e1s de esta trama tan siniestra? Los propulsores de una ideolog\u00eda que promueven el m\u00e1ximo beneficio econ\u00f3mico a cualquier precio y cuanto m\u00e1s, mejor, ahora y en el futuro.<\/p>\n","protected":false},"excerpt":{"rendered":"<p>Monsanto golpea en Paraguay: Los muertos de Curuguaty y el juicio pol\u00edtico a Lugo.\u00a0Quienes est\u00e1n detr\u00e1s de esta trama tan siniestra? Los propulsores de una ideolog\u00eda que promueven el m\u00e1ximo beneficio econ\u00f3mico [&hellip;]<\/p>\n","protected":false},"author":2,"featured_media":0,"comment_status":"open","ping_status":"open","sticky":false,"template":"","format":"standard","meta":[],"categories":[61],"tags":[],"_links":{"self":[{"href":"https:\/\/tejidohistorico.afrodescendientes.com\/index.php\/wp-json\/wp\/v2\/posts\/4028"}],"collection":[{"href":"https:\/\/tejidohistorico.afrodescendientes.com\/index.php\/wp-json\/wp\/v2\/posts"}],"about":[{"href":"https:\/\/tejidohistorico.afrodescendientes.com\/index.php\/wp-json\/wp\/v2\/types\/post"}],"author":[{"embeddable":true,"href":"https:\/\/tejidohistorico.afrodescendientes.com\/index.php\/wp-json\/wp\/v2\/users\/2"}],"replies":[{"embeddable":true,"href":"https:\/\/tejidohistorico.afrodescendientes.com\/index.php\/wp-json\/wp\/v2\/comments?post=4028"}],"version-history":[{"count":0,"href":"https:\/\/tejidohistorico.afrodescendientes.com\/index.php\/wp-json\/wp\/v2\/posts\/4028\/revisions"}],"wp:attachment":[{"href":"https:\/\/tejidohistorico.afrodescendientes.com\/index.php\/wp-json\/wp\/v2\/media?parent=4028"}],"wp:term":[{"taxonomy":"category","embeddable":true,"href":"https:\/\/tejidohistorico.afrodescendientes.com\/index.php\/wp-json\/wp\/v2\/categories?post=4028"},{"taxonomy":"post_tag","embeddable":true,"href":"https:\/\/tejidohistorico.afrodescendientes.com\/index.php\/wp-json\/wp\/v2\/tags?post=4028"}],"curies":[{"name":"wp","href":"https:\/\/api.w.org\/{rel}","templated":true}]}}