{"id":4051,"date":"2012-06-29T16:31:49","date_gmt":"2012-06-29T16:31:49","guid":{"rendered":"http:\/\/www2.nasaacin.org\/index.php\/2012\/06\/29\/brasil-manifiesto-de-repudio-por-el-asesinato-de-dos-pescadores-de-ahomar\/"},"modified":"2012-06-29T16:31:49","modified_gmt":"2012-06-29T16:31:49","slug":"brasil-manifiesto-de-repudio-por-el-asesinato-de-dos-pescadores-de-ahomar","status":"publish","type":"post","link":"https:\/\/tejidohistorico.afrodescendientes.com\/index.php\/2012\/06\/29\/brasil-manifiesto-de-repudio-por-el-asesinato-de-dos-pescadores-de-ahomar\/","title":{"rendered":"Brasil: Manifiesto de Repudio por el Asesinato de dos Pescadores de AHOMAR"},"content":{"rendered":"<p> \tLos movimientos sociales y organizaciones de la sociedad civil que suscriben el presente Manifiesto expresan su indignaci\u00f3n brutal por el asesinato de los pescadores artesanales Almir Nogueira de Amorim y Jo\u00e3o Luiz Telles Penetra (Pituca), integrantes de la Asociaci\u00f3n Hombres y Mujeres del Mar (AHOMAR), de la Bah\u00eda de Guanabara. Exigimos que el Estado de Rio de Janeiro y el Estado brasile\u00f1o tomen las providencias inmediatas para investigar los hechos, proteger y garantizar la vida de los pescadores artesanales amenazados.<\/p>\n","protected":false},"excerpt":{"rendered":"<p>Los movimientos sociales y organizaciones de la sociedad civil que suscriben el presente Manifiesto expresan su indignaci\u00f3n brutal por el asesinato de los pescadores artesanales Almir Nogueira de Amorim y Jo\u00e3o Luiz [&hellip;]<\/p>\n","protected":false},"author":2,"featured_media":0,"comment_status":"open","ping_status":"open","sticky":false,"template":"","format":"standard","meta":[],"categories":[61],"tags":[],"_links":{"self":[{"href":"https:\/\/tejidohistorico.afrodescendientes.com\/index.php\/wp-json\/wp\/v2\/posts\/4051"}],"collection":[{"href":"https:\/\/tejidohistorico.afrodescendientes.com\/index.php\/wp-json\/wp\/v2\/posts"}],"about":[{"href":"https:\/\/tejidohistorico.afrodescendientes.com\/index.php\/wp-json\/wp\/v2\/types\/post"}],"author":[{"embeddable":true,"href":"https:\/\/tejidohistorico.afrodescendientes.com\/index.php\/wp-json\/wp\/v2\/users\/2"}],"replies":[{"embeddable":true,"href":"https:\/\/tejidohistorico.afrodescendientes.com\/index.php\/wp-json\/wp\/v2\/comments?post=4051"}],"version-history":[{"count":0,"href":"https:\/\/tejidohistorico.afrodescendientes.com\/index.php\/wp-json\/wp\/v2\/posts\/4051\/revisions"}],"wp:attachment":[{"href":"https:\/\/tejidohistorico.afrodescendientes.com\/index.php\/wp-json\/wp\/v2\/media?parent=4051"}],"wp:term":[{"taxonomy":"category","embeddable":true,"href":"https:\/\/tejidohistorico.afrodescendientes.com\/index.php\/wp-json\/wp\/v2\/categories?post=4051"},{"taxonomy":"post_tag","embeddable":true,"href":"https:\/\/tejidohistorico.afrodescendientes.com\/index.php\/wp-json\/wp\/v2\/tags?post=4051"}],"curies":[{"name":"wp","href":"https:\/\/api.w.org\/{rel}","templated":true}]}}