{"id":4057,"date":"2012-06-29T20:01:28","date_gmt":"2012-06-29T20:01:28","guid":{"rendered":"http:\/\/www2.nasaacin.org\/index.php\/2012\/06\/29\/asesinato-y-atentado-en-el-dovio-valle-del-cauca\/"},"modified":"2012-06-29T20:01:28","modified_gmt":"2012-06-29T20:01:28","slug":"asesinato-y-atentado-en-el-dovio-valle-del-cauca","status":"publish","type":"post","link":"https:\/\/tejidohistorico.afrodescendientes.com\/index.php\/2012\/06\/29\/asesinato-y-atentado-en-el-dovio-valle-del-cauca\/","title":{"rendered":"Asesinato y atentado en El Dovio &#8211; Valle del Cauca"},"content":{"rendered":"<div> \tEl 19 de junio de 2012 asesinaron a un (1) compa\u00f1ero ind\u00edgena del Resguardo Ind\u00edgena Ca\u00f1on de Garrapatas e hirieron al gobernador del Asentamiento Ind\u00edgena, vereda El Dumar. Los dos (2) son miembros del Pueblo Embera Cham\u00ed, del municipio de El Dovio &#8211; Valle.<\/div>\n<p>  <!--more-->  <\/p>\n<div> \t\u00a0<\/div>\n<div> \tLa Organizaci\u00f3n Regional Ind\u00edgena del Valle del Cauca &ldquo;ORIVAC&rdquo;, comunica a la opini\u00f3n p\u00fablica, organismos de Derechos Humanos a nivel nacional e internacional, organismos de estado, a los medios de comunicaci\u00f3n radial y televisi\u00f3n de los siguientes hechos acontecidos en el Municipio de El Dovio, Valle del Cauca; contra ind\u00edgenas de la Naci\u00f3n Embera.<\/div>\n<div> \t\u00a0<\/div>\n<div> \tLos pueblos ind\u00edgenas y sus organizaciones representativas a partir de grandes esfuerzos y luchas han logrado un reconocimiento en la Constituci\u00f3n Pol\u00edtica de 1.991, sin embargo a partir de m\u00faltiples comunicados y demandas, la Corte Constitucional en la Sentencia T-025 y sus Autos de seguimiento, se\u00f1ala que el pueblo Ebera Cham\u00ed est\u00e1 en riesgo de extinci\u00f3n f\u00edsica y cultural por el conflicto que se vive en su territorios, pero tambi\u00e9n la Corte Constitucional manifest\u00f3, que no exist\u00edan garant\u00edas por parte del estado y que las comunidades ind\u00edgena del Dovio, Valle est\u00e1n en una zona de alto riesgo dado que han habido desplazamiento forzado en una de sus comunidades. Que el Compa\u00f1ero PABLO GUTIERREZ, mayor de edad, fue asesinado el 19 de junio, a las 7:00 p.m. al frente de la Cooperativa de Transportadores de El Dovio, mientras com\u00eda por dos (2) personas desconocidas; y que en este mismo atentado fue baleado el compa\u00f1ero GILBERTO CHACOA, L\u00edder y Gobernador del Asentamiento Ind\u00edgena, Vereda el Dumar, del Municipio de El Dovio, Valle que se encuentra grave en el Hospital. Que las Autoridades del pueblo Ebera y la Orivac se reunir\u00e1n, para analizar la situaci\u00f3n y hacer las acciones correspondiente y con el \u00e1nimo de esclarecer la situaci\u00f3n; por lo tanto: Solicitamos al Estado representado en sus Instituciones tomar cartas en el asunto y al actor responsable del hecho, manifestar que respete los Derechos Humanos y no involucren a los civiles y menos a los ind\u00edgenas y nos dejen vivir en paz.<\/div>\n<div> \tTambi\u00e9n, queremos se\u00f1alar que los \u00fanicos actores armados sobre esta zona son los\u00a0RASTROJOS, MACHOS, LA POLICIA Y EL EJ\u00c9RCITO NACIONAL.<\/div>\n<div> \t\u00a0<\/div>\n<div> \t\u00a0<\/div>\n<div> \t<strong>ORGANIZACI\u00d3N REGIONAL IND\u00cdGENA DEL VALLE DEL CAUCA &#8211;\u00a0ORIVAC<\/strong><\/div>\n","protected":false},"excerpt":{"rendered":"<p>El 19 de junio de 2012 asesinaron a un (1) compa\u00f1ero ind\u00edgena del Resguardo Ind\u00edgena Ca\u00f1on de Garrapatas e hirieron al gobernador del Asentamiento Ind\u00edgena, vereda El Dumar. Los dos (2) son [&hellip;]<\/p>\n","protected":false},"author":2,"featured_media":0,"comment_status":"open","ping_status":"open","sticky":false,"template":"","format":"standard","meta":[],"categories":[73],"tags":[],"_links":{"self":[{"href":"https:\/\/tejidohistorico.afrodescendientes.com\/index.php\/wp-json\/wp\/v2\/posts\/4057"}],"collection":[{"href":"https:\/\/tejidohistorico.afrodescendientes.com\/index.php\/wp-json\/wp\/v2\/posts"}],"about":[{"href":"https:\/\/tejidohistorico.afrodescendientes.com\/index.php\/wp-json\/wp\/v2\/types\/post"}],"author":[{"embeddable":true,"href":"https:\/\/tejidohistorico.afrodescendientes.com\/index.php\/wp-json\/wp\/v2\/users\/2"}],"replies":[{"embeddable":true,"href":"https:\/\/tejidohistorico.afrodescendientes.com\/index.php\/wp-json\/wp\/v2\/comments?post=4057"}],"version-history":[{"count":0,"href":"https:\/\/tejidohistorico.afrodescendientes.com\/index.php\/wp-json\/wp\/v2\/posts\/4057\/revisions"}],"wp:attachment":[{"href":"https:\/\/tejidohistorico.afrodescendientes.com\/index.php\/wp-json\/wp\/v2\/media?parent=4057"}],"wp:term":[{"taxonomy":"category","embeddable":true,"href":"https:\/\/tejidohistorico.afrodescendientes.com\/index.php\/wp-json\/wp\/v2\/categories?post=4057"},{"taxonomy":"post_tag","embeddable":true,"href":"https:\/\/tejidohistorico.afrodescendientes.com\/index.php\/wp-json\/wp\/v2\/tags?post=4057"}],"curies":[{"name":"wp","href":"https:\/\/api.w.org\/{rel}","templated":true}]}}