{"id":4065,"date":"2012-06-30T17:27:36","date_gmt":"2012-06-30T17:27:36","guid":{"rendered":"http:\/\/www2.nasaacin.org\/index.php\/2012\/06\/30\/declaracion-final-cumbre-de-los-pueblos-en-rio20\/"},"modified":"2012-06-30T17:27:36","modified_gmt":"2012-06-30T17:27:36","slug":"declaracion-final-cumbre-de-los-pueblos-en-rio20","status":"publish","type":"post","link":"https:\/\/tejidohistorico.afrodescendientes.com\/index.php\/2012\/06\/30\/declaracion-final-cumbre-de-los-pueblos-en-rio20\/","title":{"rendered":"Declaraci\u00f3n Final: Cumbre de los Pueblos en R\u00edo+20"},"content":{"rendered":"<div> \tMovimientos sociales y populares, sindicatos, pueblos, organizaciones de la sociedad civil y ambientalistas de todo el mundo presentes en la Cumbre de los Pueblos en la R\u00edo+20 por Justicia Social y Ambiental, vivenciaron en los campamentos, en las movilizaciones masivas, en los debates, la construcci\u00f3n de convergencias y alternativas.<\/div>\n<p>  <!--more-->  <\/p>\n<div> \tConscientes de que somos sujetos de otra relaci\u00f3n entre humanos y humanas y entre la humanidad y la naturaleza, asumiendo el desaf\u00edo urgente de frenar la nueva fase de recomposici\u00f3n del capitalismo y de construir, a trav\u00e9s de nuestras luchas, nuevos paradigmas de sociedad.<\/div>\n<div> \t\u00a0<\/div>\n<div> \tLa Cumbre de los Pueblos es el momento simb\u00f3lico de un nuevo ciclo en la trayectoria de luchas globales, que produce nuevas convergencias entre movimientos de mujeres, ind\u00edgenas, negros, juventudes, agricultores\/as familiares y campesinos, trabajadores\/as, pueblos y comunidades tradicionales, quilombolas, luchadores por el derecho a la ciudad, y religiones de todo el mundo. Las asambleas, movilizaciones y la gran Marcha de los Pueblos fueron los momentos de expresi\u00f3n m\u00e1xima de estas convergencias.<\/div>\n<div> \t\u00a0<\/div>\n<div> \tLas instituciones financieras multilaterales, las coaliciones al servicio del sistema financiero, como el G8\/G20, la captura corporativa de la ONU y la mayor\u00eda de los gobiernos demostraron irresponsabilidad para con el futuro de la humanidad y del planeta y promovieron los intereses de las corporaciones en la conferencia oficial. En contraste con esto, la vitalidad y la fuerza de las movilizaciones y de los debates en la Cumbre de los Pueblos fortalecieron nuestra convicci\u00f3n de que s\u00f3lo el pueblo organizado y movilizado puede liberar al mundo del control de las corporaciones y del capital financiero.<\/div>\n<div> \t\u00a0<\/div>\n<div> \tHace veinte a\u00f1os el Forum Global, tambi\u00e9n realizado en el Aterro do Flamengo, denunci\u00f3 los riesgos que corr\u00edan la humanidad y la naturaleza con la privatizaci\u00f3n y el neoliberalismo. Hoy afirmamos que, adem\u00e1s de confirmar nuestro an\u00e1lisis, ocurrieron retrocesos significativos en relaci\u00f3n con los derechos humanos ya reconocidos. La R\u00edo+20 repite el fallido itinerario de falsas soluciones defendidas por los mismos actores que provocaron la crisis global. A medida que esa crisis se profundiza, m\u00e1s avanzan las corporaciones contra los derechos de los pueblos, la democracia y la naturaleza, secuestrando los bienes comunes de la humanidad para salvar al sistema econ\u00f3mico-financiero.<\/div>\n<div> \t\u00a0<\/div>\n<div> \tLas m\u00faltiples voces y fuerzas que convergen en torno de la Cumbre de los Pueblos denuncian la verdadera causa estructural de la crisis global: el sistema capitalista patriarcal, racista y homof\u00f3bico.<\/div>\n<div> \t\u00a0<\/div>\n<div> \tLas corporaciones transnacionales contin\u00faan cometiendo delitos con la sistem\u00e1tica violaci\u00f3n de los derechos de los pueblos y de la naturaleza con total impunidad. De la misma forma, avanzan sus intereses a trav\u00e9s de la militarizaci\u00f3n, de la criminalizaci\u00f3n de los modos de vida de los pueblos y de los movimientos sociales promoviendo la desterritorializaci\u00f3n en el campo y en la ciudad.<\/div>\n<div> \t\u00a0<\/div>\n<div> \tDe la misma manera, denunciamos la deuda ambiental hist\u00f3rica que afecta mayormente a los pueblos oprimidos del mundo, y que debe ser asumida por los pa\u00edses altamente industrializados, los cuales, al fin y al cabo, fueron los que provocaron las m\u00faltiples crisis que vivimos en la actualidad.<\/div>\n<div> \t\u00a0<\/div>\n<div> \tEl capitalismo tambi\u00e9n lleva a la p\u00e9rdida del control social, democr\u00e1tico y comunitario sobre los recursos naturales y servicios estrat\u00e9gicos, que contin\u00faan siendo privatizados, convirtiendo derechos en mercader\u00edas y limitando el acceso de los pueblos a los bienes y servicios necesarios para la supervivencia.<\/div>\n<div> \t\u00a0<\/div>\n<div> \tLa llamada &#8220;econom\u00eda verde&rdquo; es una de las expresiones de la actual fase financiera del capitalismo que tambi\u00e9n utiliza viejos y nuevos mecanismos, tales como la profundizaci\u00f3n del endeudamiento p\u00fablico-privado, el est\u00edmulo excesivo al consumo, la apropiaci\u00f3n y concentraci\u00f3n de las nuevas tecnolog\u00edas, los mercados de carbono y la biodiversidad, la apropiaci\u00f3n ilegal y la extranjerizaci\u00f3n de tierras y las asociaciones p\u00fablico-privadas, entre otros.<\/div>\n<div> \t\u00a0<\/div>\n<div> \tLas alternativas est\u00e1n en nuestros pueblos, nuestra historia, nuestras costumbres, conocimientos, pr\u00e1cticas y sistemas productivos, que debemos mantener, revalorizar y ganar en escala como proyecto contrahegem\u00f3nico y transformador.<\/div>\n<div> \t\u00a0<\/div>\n<div> \tLa defensa de los espacios p\u00fablicos en las ciudades, con gesti\u00f3n democr\u00e1tica y participaci\u00f3n popular, la econom\u00eda cooperativa y solidaria, la soberan\u00eda alimentaria, un nuevo paradigma de producci\u00f3n, distribuci\u00f3n y consumo, el cambio de la matriz energ\u00e9tica, son ejemplos de alternativas reales frente al actual sistema agro-urbano-industrial.<\/div>\n<div> \t\u00a0<\/div>\n<div> \tLa defensa de los bienes comunes pasa por la garant\u00eda de una serie de derechos humanos y de la naturaleza, por la solidaridad y respeto a las cosmovisiones y creencias de los diferentes pueblos, como, por ejemplo, la defensa del &#8220;Buen Vivir&rdquo; como forma de existir en armon\u00eda con la naturaleza, lo que presupone una transici\u00f3n justa, a ser construida con los\/las trabajadores\/as y los pueblos.<\/div>\n<div> \t\u00a0<\/div>\n<div> \tExigimos una transici\u00f3n justa que supone la ampliaci\u00f3n del concepto de trabajo, el reconocimiento del trabajo de las mujeres y un equilibrio entre la producci\u00f3n y reproducci\u00f3n, para que \u00e9sta no sea una atribuci\u00f3n exclusiva de las mujeres. Esta transici\u00f3n pasa adem\u00e1s por la libertad de organizaci\u00f3n y el derecho a la contrataci\u00f3n colectiva, as\u00ed como por el establecimiento de una amplia red de seguridad y protecci\u00f3n social, entendida como un derecho humano, as\u00ed como de pol\u00edticas p\u00fablicas que garanticen formas de trabajo decentes.<\/div>\n<div> \t\u00a0<\/div>\n<div> \tAfirmamos el feminismo como instrumento de la construcci\u00f3n de la igualdad, la autonom\u00eda de las mujeres sobre sus cuerpos y sexualidad y el derecho a una vida libre de violencia. De la misma forma reafirmamos la urgencia de la distribuci\u00f3n de la riqueza y del ingreso, del combate al racismo y al etnocidio, de la garant\u00eda del derecho a la tierra y al territorio, del derecho a la ciudad, al medio ambiente y al agua, a la educaci\u00f3n, la cultura, la libertad de expresi\u00f3n y la democratizaci\u00f3n de los medios de comunicaci\u00f3n.<\/div>\n<div> \t\u00a0<\/div>\n<div> \tEl fortalecimiento de diversas econom\u00edas locales y de los derechos territoriales garantiza la construcci\u00f3n comunitaria de econom\u00edas m\u00e1s vibrantes. Estas econom\u00edas locales proporcionan medios de vida sustentables locales, la solidaridad comunitaria, componentes vitales de la resiliencia de los ecosistemas. La diversidad de la naturaleza y su diversidad cultural asociada es fundamento para un nuevo paradigma de sociedad.<\/div>\n<div> \t\u00a0<\/div>\n<div> \tLos pueblos quieren determinar para qu\u00e9 y para qui\u00e9nes se destinan los bienes comunes y energ\u00e9ticos, adem\u00e1s de asumir el control popular y democr\u00e1tico de su producci\u00f3n. Un nuevo modelo en\u00e9rgico que est\u00e9 basado en energ\u00edas renovables descentralizadas y que garantice energ\u00eda a la poblaci\u00f3n y no para las corporaciones.<\/div>\n<div> \t\u00a0<\/div>\n<div> \tLa transformaci\u00f3n social exige convergencias de acciones, articulaciones y agendas a partir de las resistencias y alternativas contrahegem\u00f3nicas al sistema capitalista que est\u00e1n en curso en todos los rincones del planeta. Los procesos sociales acumulados por las organizaciones y movimientos sociales que convergieron en la Cumbre de los Pueblos indicaron los siguientes ejes de lucha:<\/div>\n<div> \t\u00a0<\/div>\n<div> \t\u00b7Contra la militarizaci\u00f3n de los Estados y territorios;<\/div>\n<div> \t\u00a0<\/div>\n<div> \t\u00b7Contra la criminalizaci\u00f3n de las organizaciones y movimientos sociales;<\/div>\n<div> \t\u00a0<\/div>\n<div> \t\u00b7Contra la violencia contra las mujeres;<\/div>\n<div> \t\u00a0<\/div>\n<div> \t\u00b7Contra la violencia a l\u00e9sbicas, gays, bisexuales, transexuales y transg\u00e9neros;<\/div>\n<div> \t\u00a0<\/div>\n<div> \t\u00b7Contra las grandes corporaciones;<\/div>\n<div> \t\u00a0<\/div>\n<div> \t\u00b7Contra la imposici\u00f3n del pago de deudas econ\u00f3micas injustas y por auditor\u00edas populares de las mismas;<\/div>\n<div> \t\u00a0<\/div>\n<div> \t\u00b7Por la garant\u00eda del derecho de los pueblos a la tierra y al territorio urbano y rural;<\/div>\n<div> \t\u00a0<\/div>\n<div> \t\u00b7Por la consulta y consentimiento libre, previo e informado, basado en los principios de la buena fe y del efecto vinculante, seg\u00fan la Convenci\u00f3n 169 de la OIT;<\/div>\n<div> \t\u00a0<\/div>\n<div> \t\u00b7Por la soberan\u00eda alimentaria y alimentos saludables, contra agrot\u00f3xicos y transg\u00e9nicos;<\/div>\n<div> \t\u00a0<\/div>\n<div> \t\u00b7Por la garant\u00eda y conquista de derechos;<\/div>\n<div> \t\u00a0<\/div>\n<div> \t\u00b7Por la solidaridad con los pueblos y pa\u00edses, principalmente los amenazados por golpes militares o institucionales, como est\u00e1 ocurriendo ahora en Paraguay;<\/div>\n<div> \t\u00a0<\/div>\n<div> \t\u00b7Por la soberan\u00eda de los pueblos en el control de los bienes comunes, contra las tentativas de mercantilizaci\u00f3n;<\/div>\n<div> \t\u00a0<\/div>\n<div> \t\u00b7Por el cambio de la matriz y el modelo energ\u00e9tico vigentes;<\/div>\n<div> \t\u00a0<\/div>\n<div> \t\u00b7Por la democratizaci\u00f3n de los medios de comunicaci\u00f3n;<\/div>\n<div> \t\u00a0<\/div>\n<div> \t\u00b7Por el reconocimiento de la deuda hist\u00f3rica social y ecol\u00f3gica;<\/div>\n<div> \t\u00a0<\/div>\n<div> \t\u00b7Por la construcci\u00f3n del D\u00cdA MUNDIAL DE HUELGA GENERAL.<\/div>\n<div> \t\u00a0<\/div>\n<div> \tVolvamos a nuestros territorios, regiones y pa\u00edses estimulados para construir las convergencias necesarias para seguir en lucha, resistiendo y avanzando contra el sistema capitalista y sus viejas y renovadas formas de reproducci\u00f3n.<\/div>\n<div> \t\u00a0<\/div>\n<div> \t\u00a1De pi\u00e9, continuamos en lucha!<\/div>\n<div> \t\u00a0<\/div>\n<div> \tR\u00edo de Janeiro, 15 al 22 de junio de 2012.<\/div>\n<div> \t\u00a0<\/div>\n<div> \tCumbre de los Pueblos por Justicia social y ambiental en defensa de los bienes comunes, contra la mercantilizaci\u00f3n de la Vida.<\/div>\n<div> \t\u00a0<\/div>\n<div> \t<strong>Por Justicia social y ambiental, en defensa de los bienes comunes, contra la mercantilizaci\u00f3n de la Vida<\/strong><\/div>\n<div> \t<a href=\"http:\/\/www.redcolombia.org\/index.php\/noticias-nuevas\/noticias\/comunicados\/1845-cumbre-de-los-pueblos-en-rio20.html\">http:\/\/www.redcolombia.org\/index.php\/noticias-nuevas\/noticias\/comunicados\/1845-cumbre-de-los-pueblos-en-rio20.html<\/a><\/div>\n","protected":false},"excerpt":{"rendered":"<p>Movimientos sociales y populares, sindicatos, pueblos, organizaciones de la sociedad civil y ambientalistas de todo el mundo presentes en la Cumbre de los Pueblos en la R\u00edo+20 por Justicia Social y Ambiental, [&hellip;]<\/p>\n","protected":false},"author":2,"featured_media":0,"comment_status":"open","ping_status":"open","sticky":false,"template":"","format":"standard","meta":[],"categories":[3],"tags":[],"_links":{"self":[{"href":"https:\/\/tejidohistorico.afrodescendientes.com\/index.php\/wp-json\/wp\/v2\/posts\/4065"}],"collection":[{"href":"https:\/\/tejidohistorico.afrodescendientes.com\/index.php\/wp-json\/wp\/v2\/posts"}],"about":[{"href":"https:\/\/tejidohistorico.afrodescendientes.com\/index.php\/wp-json\/wp\/v2\/types\/post"}],"author":[{"embeddable":true,"href":"https:\/\/tejidohistorico.afrodescendientes.com\/index.php\/wp-json\/wp\/v2\/users\/2"}],"replies":[{"embeddable":true,"href":"https:\/\/tejidohistorico.afrodescendientes.com\/index.php\/wp-json\/wp\/v2\/comments?post=4065"}],"version-history":[{"count":0,"href":"https:\/\/tejidohistorico.afrodescendientes.com\/index.php\/wp-json\/wp\/v2\/posts\/4065\/revisions"}],"wp:attachment":[{"href":"https:\/\/tejidohistorico.afrodescendientes.com\/index.php\/wp-json\/wp\/v2\/media?parent=4065"}],"wp:term":[{"taxonomy":"category","embeddable":true,"href":"https:\/\/tejidohistorico.afrodescendientes.com\/index.php\/wp-json\/wp\/v2\/categories?post=4065"},{"taxonomy":"post_tag","embeddable":true,"href":"https:\/\/tejidohistorico.afrodescendientes.com\/index.php\/wp-json\/wp\/v2\/tags?post=4065"}],"curies":[{"name":"wp","href":"https:\/\/api.w.org\/{rel}","templated":true}]}}