{"id":4075,"date":"2012-07-03T21:08:24","date_gmt":"2012-07-03T21:08:24","guid":{"rendered":"http:\/\/www2.nasaacin.org\/index.php\/2012\/07\/03\/paraguay-comunicado-a-la-opinion-publica-nacional-e-internacional-ante-la-situacion-actual-politica-y-social\/"},"modified":"2012-07-03T21:08:24","modified_gmt":"2012-07-03T21:08:24","slug":"paraguay-comunicado-a-la-opinion-publica-nacional-e-internacional-ante-la-situacion-actual-politica-y-social","status":"publish","type":"post","link":"https:\/\/tejidohistorico.afrodescendientes.com\/index.php\/2012\/07\/03\/paraguay-comunicado-a-la-opinion-publica-nacional-e-internacional-ante-la-situacion-actual-politica-y-social\/","title":{"rendered":"Paraguay: Comunicado a la opini\u00f3n p\u00fablica nacional e internacional ante la situaci\u00f3n actual pol\u00edtica y social"},"content":{"rendered":"<p> \tAnte la presente coyutura pol\u00edtica del pa\u00eds, resultante de la destituci\u00f3n del pte. Fernando Lugo a trav\u00e9s de un proceso sumario y traum\u00e1tico para todos, la FAPI, \u00f3rgano que aglutina a varias Asociaciones y Organizaciones Ind\u00edgenas de ambas regiones del pa\u00eds, se dirige a la opini\u00f3n p\u00fablica nacional e internacional, a fin de manifestar lo siguiente.\u00a0<\/p>\n","protected":false},"excerpt":{"rendered":"<p>Ante la presente coyutura pol\u00edtica del pa\u00eds, resultante de la destituci\u00f3n del pte. Fernando Lugo a trav\u00e9s de un proceso sumario y traum\u00e1tico para todos, la FAPI, \u00f3rgano que aglutina a varias [&hellip;]<\/p>\n","protected":false},"author":2,"featured_media":0,"comment_status":"open","ping_status":"open","sticky":false,"template":"","format":"standard","meta":[],"categories":[61],"tags":[],"_links":{"self":[{"href":"https:\/\/tejidohistorico.afrodescendientes.com\/index.php\/wp-json\/wp\/v2\/posts\/4075"}],"collection":[{"href":"https:\/\/tejidohistorico.afrodescendientes.com\/index.php\/wp-json\/wp\/v2\/posts"}],"about":[{"href":"https:\/\/tejidohistorico.afrodescendientes.com\/index.php\/wp-json\/wp\/v2\/types\/post"}],"author":[{"embeddable":true,"href":"https:\/\/tejidohistorico.afrodescendientes.com\/index.php\/wp-json\/wp\/v2\/users\/2"}],"replies":[{"embeddable":true,"href":"https:\/\/tejidohistorico.afrodescendientes.com\/index.php\/wp-json\/wp\/v2\/comments?post=4075"}],"version-history":[{"count":0,"href":"https:\/\/tejidohistorico.afrodescendientes.com\/index.php\/wp-json\/wp\/v2\/posts\/4075\/revisions"}],"wp:attachment":[{"href":"https:\/\/tejidohistorico.afrodescendientes.com\/index.php\/wp-json\/wp\/v2\/media?parent=4075"}],"wp:term":[{"taxonomy":"category","embeddable":true,"href":"https:\/\/tejidohistorico.afrodescendientes.com\/index.php\/wp-json\/wp\/v2\/categories?post=4075"},{"taxonomy":"post_tag","embeddable":true,"href":"https:\/\/tejidohistorico.afrodescendientes.com\/index.php\/wp-json\/wp\/v2\/tags?post=4075"}],"curies":[{"name":"wp","href":"https:\/\/api.w.org\/{rel}","templated":true}]}}