{"id":4099,"date":"2012-07-07T17:09:42","date_gmt":"2012-07-07T17:09:42","guid":{"rendered":"http:\/\/www2.nasaacin.org\/index.php\/2012\/07\/07\/ante-las-amenazas-caminan-los-suenos-colectivos\/"},"modified":"2012-07-07T17:09:42","modified_gmt":"2012-07-07T17:09:42","slug":"ante-las-amenazas-caminan-los-suenos-colectivos","status":"publish","type":"post","link":"https:\/\/tejidohistorico.afrodescendientes.com\/index.php\/2012\/07\/07\/ante-las-amenazas-caminan-los-suenos-colectivos\/","title":{"rendered":"Ante las  amenazas,  caminan los sue\u00f1os colectivos"},"content":{"rendered":"<p> \tEl lunes en la ma\u00f1ana, Lucy, una mujer Nasa de mediana estatura y amplia sonrisa, su peque\u00f1o hijo y sus dos sobrinas, se levantaron muy temprano,\u00a0 ligeramente prepararon el desayuno, asearon la casa y se alistaron para iniciar la jornada del d\u00eda. Esta vez no ir\u00edan como de costumbre a realizar los trabajos agr\u00edcolas en la parcela, este d\u00eda lo destinaron para asistir a la asamblea No 66 del plan de vida Cxacha Wala &ldquo;fuerza grande&rdquo;, del territorio ind\u00edgena de Corinto programada para los d\u00edas 2 y 3 de julio en la comunidad de Media Naranja de la parte alta del\u00a0 resguardo ind\u00edgena\u00a0 de Corinto &#8211; Cauca.<\/p>\n<p>  <!--more-->  <\/p>\n<p> \tLucy y su familia, al igual que unas mil personas m\u00e1s, llegaron a la vereda Media Naranja en motos,\u00a0 veh\u00edculos y cruzando caminos y trochas desde sus comunidades con el prop\u00f3sito de\u00a0 analizar y discutir las muchas problem\u00e1ticas que se est\u00e1n viviendo en el territorio,\u00a0 para que de manera conjunta se puedan encontrar alguna soluci\u00f3n y fortalecer las alternativas que desde las comunidades se siguen tejiendo.<img alt=\"alt\" src=\"http:\/\/www.nasaacin.org\/images\/stories\/coriasamblea.jpg\" style=\"float: right;\" \/><\/p>\n<p> \tLucy, llevaba en su mente la inquietud del qu\u00e9 hacer frente a los \u00faltimos hechos ocurridos en su territorio por los enfrentamientos entre\u00a0 la guerrilla y el ej\u00e9rcito que los ha obligado\u00a0 en varias ocasiones a desplazarse de su viviendas y parcelas hacia los sitios de asamblea\u00a0 permanente, su voz se entrecortaba cuando en las comisiones de trabajo de la asamblea comentaba a los presentes los\u00a0 momentos\u00a0 en que la vida de\u00a0 los ni\u00f1os\u00a0 y ni\u00f1as de su comunidad\u00a0 ha sido\u00a0 gravemente amenazada ante la ocupaci\u00f3n de sus escuelas y viviendas por los grupos armados. &ldquo;No se valora la vida, no se respeta el territorio y nos quieren matar los sue\u00f1os,\u00a0 nos quitan las\u00a0 esperanzas, poniendo en medio de las balas\u00a0 la vida de nuestros hijos&rdquo;. Manifest\u00f3 Lucy.<br \/> \tOtra de las preocupaciones que angustiaban a Lucy y a los participantes de la asamblea Cxacha Wala, eran las m\u00faltiples afectaciones que padecen los comuneros y comuneras frente al tema del narcotr\u00e1fico. A partir del an\u00e1lisis y las\u00a0 reflexiones de los presentes en la asamblea identificaban afectaciones territoriales por esta causa como la esterilizaci\u00f3n de los suelos por el uso de\u00a0 los fungicidas, la contaminaci\u00f3n de los r\u00edos y quebradas y la deforestaci\u00f3n entre otros. De igual manera mencionaban el aumento de enfermedades y problemas de nutrici\u00f3n por el consumo de productos poco nutritivos ante el desplazamiento de cultivos de pan coger por la siembra de cultivos de uso il\u00edcito. Como otra de las problem\u00e1ticas preocupantes generadas por el narcotr\u00e1fico, tambi\u00e9n mencionaban\u00a0 el consumo de sustancias psicoactivas en los j\u00f3venes de la comunidad, los casos de maltratos, desintegraci\u00f3n familiar y hasta homicidios. &ldquo;Mientras nosotros vivimos estos problemas en la familia y la comunidad a causa del narcotr\u00e1fico, el gobierno nacional lo usa como excusa\u00a0 para militarizar los territorios, caus\u00e1ndonos con esto muchos m\u00e1s problemas&rdquo;. Comento un concejal del municipio de Corinto.<\/p>\n<p> \tFrente a las preocupaciones mencionadas y otras que aquejan a la comunidad de Corinto, los directivos del cabildo ind\u00edgena y los coordinadores de programas presentaron las iniciativas que vienen adelantando como mandato de las comunidades, las cuales van encaminadas al fortalecimiento de las comunidades y el proceso organizativo.<\/p>\n<p> \tDesde el espacio de educaci\u00f3n propia, s<img alt=\"alt\" src=\"http:\/\/www.nasaacin.org\/images\/stories\/nioscorint.jpg\" style=\"float: left; width: 306px; height: 230px;\" \/>e contin\u00faan abonando semillas para el fortalecimiento del Nasa Yuwe, las pr\u00e1cticas culturales, los cabildos y guardias estudiantiles, los tules escolares y la vivencia como nasas desde la pr\u00e1ctica en los ni\u00f1os y ni\u00f1as del territorio. Ante la preocupaci\u00f3n por la ocupaci\u00f3n del territorio, se propone seguir fortaleciendo la Guardia Ind\u00edgena y continuar con los espacios de reflexi\u00f3n y concientizaci\u00f3n, conocer las amenazas a la madre tierra como la explotaci\u00f3n de los recursos y el despojo que se est\u00e1 imponiendo, ante lo cual llaman a la\u00a0 unidad de las comunidades para seguir fortaleciendo las alternativas de defensa territorial. La salud propia como otro aspecto fundamental de la comunidad ha impulsado el uso de las plantas medicinales, el cuidado y conservaci\u00f3n de los lugares sagrados,\u00a0 las ritualidades desde el inicio de la vida y todo lo que como Nasas nos enra\u00edza en la tierra.<\/p>\n<p> \tDespu\u00e9s de escuchar las propuestas, analizar las problem\u00e1ticas y plantear las reflexiones, Lucy regres\u00f3 la tarde del martes a su casa junto a su familia y comunidad, con la esperanza y el compromiso de seguir construyendo. &ldquo;Cuando siembro una mata de pl\u00e1tano o de caf\u00e9, s\u00e9 que estoy sembrando para la vida, as\u00ed como cuando cuido y oriento a mi hijo, por eso aunque hay muchas amenazas no me canso, por eso mismo sigo luchando. Me anima la esperanza de ver crecer mi hijo tranquilo como crec\u00ed yo. Tengo y tenemos el compromiso con los que est\u00e1n creciendo, porque ellos tambi\u00e9n tienen derecho de disfrutar del agua, las monta\u00f1as, del canto de los p\u00e1jaros y del aire puro de nuestros campos, tienen derecho de vivir y nosotros la obligaci\u00f3n de defender su herencia&rdquo;. Manifest\u00f3 Lucy,\u00a0 mientras con una sonrisa se desped\u00eda de la directiva del cabildo y de los amigos y amigas participantes en la asamblea del plan de vida\u00a0 Cxacha Wala.<\/p>\n<p> \t<strong>Tejido de Comunicaci\u00f3n Acin<\/strong><\/p>\n","protected":false},"excerpt":{"rendered":"<p>El lunes en la ma\u00f1ana, Lucy, una mujer Nasa de mediana estatura y amplia sonrisa, su peque\u00f1o hijo y sus dos sobrinas, se levantaron muy temprano,\u00a0 ligeramente prepararon el desayuno, asearon la [&hellip;]<\/p>\n","protected":false},"author":1,"featured_media":0,"comment_status":"open","ping_status":"open","sticky":false,"template":"","format":"standard","meta":[],"categories":[73],"tags":[],"_links":{"self":[{"href":"https:\/\/tejidohistorico.afrodescendientes.com\/index.php\/wp-json\/wp\/v2\/posts\/4099"}],"collection":[{"href":"https:\/\/tejidohistorico.afrodescendientes.com\/index.php\/wp-json\/wp\/v2\/posts"}],"about":[{"href":"https:\/\/tejidohistorico.afrodescendientes.com\/index.php\/wp-json\/wp\/v2\/types\/post"}],"author":[{"embeddable":true,"href":"https:\/\/tejidohistorico.afrodescendientes.com\/index.php\/wp-json\/wp\/v2\/users\/1"}],"replies":[{"embeddable":true,"href":"https:\/\/tejidohistorico.afrodescendientes.com\/index.php\/wp-json\/wp\/v2\/comments?post=4099"}],"version-history":[{"count":0,"href":"https:\/\/tejidohistorico.afrodescendientes.com\/index.php\/wp-json\/wp\/v2\/posts\/4099\/revisions"}],"wp:attachment":[{"href":"https:\/\/tejidohistorico.afrodescendientes.com\/index.php\/wp-json\/wp\/v2\/media?parent=4099"}],"wp:term":[{"taxonomy":"category","embeddable":true,"href":"https:\/\/tejidohistorico.afrodescendientes.com\/index.php\/wp-json\/wp\/v2\/categories?post=4099"},{"taxonomy":"post_tag","embeddable":true,"href":"https:\/\/tejidohistorico.afrodescendientes.com\/index.php\/wp-json\/wp\/v2\/tags?post=4099"}],"curies":[{"name":"wp","href":"https:\/\/api.w.org\/{rel}","templated":true}]}}