{"id":4100,"date":"2012-07-07T17:35:44","date_gmt":"2012-07-07T17:35:44","guid":{"rendered":"http:\/\/www2.nasaacin.org\/index.php\/2012\/07\/07\/en-toribio-la-guerra-no-tiene-limites\/"},"modified":"2012-07-07T17:35:44","modified_gmt":"2012-07-07T17:35:44","slug":"en-toribio-la-guerra-no-tiene-limites","status":"publish","type":"post","link":"https:\/\/tejidohistorico.afrodescendientes.com\/index.php\/2012\/07\/07\/en-toribio-la-guerra-no-tiene-limites\/","title":{"rendered":"En Torib\u00edo la guerra no tiene l\u00edmites"},"content":{"rendered":"<p> \tEl pr\u00f3ximo lunes 9 de julio se cumple un a\u00f1o del ataque m\u00e1s fuerte que le ha tocado vivir a la poblaci\u00f3n del municipio de Toribio, cuando guerrilleros del sexto frente de las FARC hicieron detonar una chiva bomba en el puesto de polic\u00eda de esta localidad a plena luz del d\u00eda, cuando cientos de habitantes de la zona se dispon\u00edan a hacer el mercado en la peque\u00f1a plaza principal.<\/p>\n<p>  <!--more-->  <\/p>\n<p> \tEstos lamentables acontecimientos de hace ya un a\u00f1o,\u00a0 dejaron\u00a0 como resultados fatales m\u00e1s de 97 casas destruidas, 180 casas averiadas, 4 muertos y 80 heridos por las esquirlas del &lsquo;poderoso&rsquo; artefacto que enlut\u00f3 a los pobladores de este municipio, que a veces parecen haberse resignado a vivir este conflicto causado por los gobiernos de turno y la guerrilla de las FARC que operan en las diferentes regiones del pa\u00eds.<\/p>\n<p> \tTeniendo en cuenta los hachos de violaci\u00f3n de los derechos humanos, el cabildo ind\u00edgena del resguardo de Torib\u00edo, en coordinaci\u00f3n con la alcald\u00eda y la comunidad en general, hac\u00edan los preparativos pertinentes para conmemorar a los fallecidos por el artefacto de la chiva bomba. Mientras la comunidad se preparaba para recordar a sus familiares, nuevamente las FARC en un acto de sabotaje e intolerancia\u00a0 hostigaron el puesto de polic\u00eda, creando nuevamente la zozobra en los habitantes del \u00e1rea urbana.<\/p>\n<p> \tEran las 5:30 de la ma\u00f1ana cuando los pobladores de casco urbano de Torib\u00edo se alistaban para cumplir con sus respectivas labores del d\u00eda.\u00a0 En ese momento empiezan los hostigamientos hacia la estaci\u00f3n de la polic\u00eda que se encuentra ubicada en el centro del peque\u00f1o pueblo, que ha tenido que soportar los peores embates del conflicto armado. En esta ocasi\u00f3n, a las instituciones p\u00fablicas nuevamente les toco suspender la atenci\u00f3n a la gente con el fin de resguardar a la comunidad que llega hasta el casco urbano a hacer sus diligencias.<\/p>\n<p> \tDurante todo el d\u00eda se escucharon disparos intermitentes, pero lo que m\u00e1s caus\u00f3 miedo en la poblaci\u00f3n fueron los ataques fuertes que sacudieron al pueblo al medio d\u00eda y en horas de la tarde.\u00a0 En este caso, las autoridades hicieron un llamado a la poblaci\u00f3n civil para que salieran del pueblo hacia los lugares de asamblea permanente con el fin de resguardar sus vidas.<\/p>\n<p> \tEn cumplimiento al llamado de las autoridades, antes que cayera la noche del d\u00eda 6 de julio, la mayor\u00eda de la poblaci\u00f3n no se hizo esperar, acomodaron en sus maletas lo necesario y decidieron salir hacia lugares m\u00e1s seguros como el CECIDIC y el barrio Coronado.\u00a0\u00a0 La guerrilla hab\u00eda amenazado con atacar con pipas a la estaci\u00f3n de polic\u00eda durante la noche, adem\u00e1s se tem\u00eda porque helic\u00f3pteros de las fuerza militares tambi\u00e9n estaban hostigando desde el aire.<br \/> \t\u00a0<br \/> \tEn el fuego cruzado result\u00f3 afectada con un disparo de fusil una buseta que cubr\u00eda la ruta de Santander de Quilichao hacia Torib\u00edo, afortunadamente no se presentaron v\u00edctimas civiles porque la gente &lsquo;ya sabe&rsquo; que al darse cuenta que empieza el combate se resguardan en sus casa hasta que se calme la situaci\u00f3n.<\/p>\n<p> \tEn entrevista con una comunera que sal\u00eda de su casa hacia el lugar de asamblea permanente, coment\u00f3 con preocupaci\u00f3n lo siguiente, &ldquo;durante todo el d\u00eda no hemos podido estar tranquilos en nuestras casas porque el conflicto se convirti\u00f3 en el pan de cada d\u00eda para la poblaci\u00f3n, desde hace ratos vivimos la guerra en carne propia, a m\u00ed me da mucha tristeza de los pobres polic\u00edas y los guerrilleros que han tomado ese camino b\u00e9lico, ellos tambi\u00e9n son humanos y merecen vivir dignamente, lo peor es que nuestra gente se est\u00e1 matando, pobres entre pobres, mientras tanto, las empresas de afuera llegan por nuestros territorios con la alcahueter\u00eda del gobierno nacional&rdquo;.<\/p>\n<p> \tEl d\u00eda s\u00e1bado en la ma\u00f1ana nuevamente las familias retornaron a sus casas para cumplir sus actividades familiares, tambi\u00e9n al mercado del pueblo.\u00a0 Aunque la situaci\u00f3n estaba supuestamente calmada se segu\u00edan escuchando algunos disparos provenientes desde los cerros cercanos y tambi\u00e9n desde la estaci\u00f3n de polic\u00eda, de d\u00f3nde respond\u00edan.<\/p>\n<p> \tA pesar de la dif\u00edcil situaci\u00f3n las autoridades y comunidad, contin\u00faan haciendo los preparativos para recordar a los ca\u00eddos de aquel nueve de julio de 2011, cuando el pueblo de Toribio vivi\u00f3 el caos total de tristeza y desolaci\u00f3n por culpa de un conflicto que no es nuestro.<\/p>\n<p> \t<strong>Tejido de Comunicaci\u00f3n ACIN <\/strong><\/p>\n","protected":false},"excerpt":{"rendered":"<p>El pr\u00f3ximo lunes 9 de julio se cumple un a\u00f1o del ataque m\u00e1s fuerte que le ha tocado vivir a la poblaci\u00f3n del municipio de Toribio, cuando guerrilleros del sexto frente de [&hellip;]<\/p>\n","protected":false},"author":1,"featured_media":0,"comment_status":"open","ping_status":"open","sticky":false,"template":"","format":"standard","meta":[],"categories":[73],"tags":[],"_links":{"self":[{"href":"https:\/\/tejidohistorico.afrodescendientes.com\/index.php\/wp-json\/wp\/v2\/posts\/4100"}],"collection":[{"href":"https:\/\/tejidohistorico.afrodescendientes.com\/index.php\/wp-json\/wp\/v2\/posts"}],"about":[{"href":"https:\/\/tejidohistorico.afrodescendientes.com\/index.php\/wp-json\/wp\/v2\/types\/post"}],"author":[{"embeddable":true,"href":"https:\/\/tejidohistorico.afrodescendientes.com\/index.php\/wp-json\/wp\/v2\/users\/1"}],"replies":[{"embeddable":true,"href":"https:\/\/tejidohistorico.afrodescendientes.com\/index.php\/wp-json\/wp\/v2\/comments?post=4100"}],"version-history":[{"count":0,"href":"https:\/\/tejidohistorico.afrodescendientes.com\/index.php\/wp-json\/wp\/v2\/posts\/4100\/revisions"}],"wp:attachment":[{"href":"https:\/\/tejidohistorico.afrodescendientes.com\/index.php\/wp-json\/wp\/v2\/media?parent=4100"}],"wp:term":[{"taxonomy":"category","embeddable":true,"href":"https:\/\/tejidohistorico.afrodescendientes.com\/index.php\/wp-json\/wp\/v2\/categories?post=4100"},{"taxonomy":"post_tag","embeddable":true,"href":"https:\/\/tejidohistorico.afrodescendientes.com\/index.php\/wp-json\/wp\/v2\/tags?post=4100"}],"curies":[{"name":"wp","href":"https:\/\/api.w.org\/{rel}","templated":true}]}}