{"id":4103,"date":"2012-07-07T23:17:54","date_gmt":"2012-07-07T23:17:54","guid":{"rendered":"http:\/\/www2.nasaacin.org\/index.php\/2012\/07\/07\/se-intensifica-conflicto-en-el-norte-del-cauca-comunidades-enteras-se-desplazan\/"},"modified":"2012-07-07T23:17:54","modified_gmt":"2012-07-07T23:17:54","slug":"se-intensifica-conflicto-en-el-norte-del-cauca-comunidades-enteras-se-desplazan","status":"publish","type":"post","link":"https:\/\/tejidohistorico.afrodescendientes.com\/index.php\/2012\/07\/07\/se-intensifica-conflicto-en-el-norte-del-cauca-comunidades-enteras-se-desplazan\/","title":{"rendered":"Se intensifica conflicto en el Norte del Cauca- comunidades enteras se desplazan"},"content":{"rendered":"<p> \tComunicadores ind\u00edgenas de la zona reportan varios heridos y comunidades atrapadas en el fuego cruzado, adem\u00e1s de la advertencia de la Guerrilla a las comunidades de que deben abandonar el municipio de Toribio pues quieren borrar del mapa este pueblo, como inform\u00f3 un dirigente nasa&hellip;<\/p>\n<p>  <!--more-->  <\/p>\n<p> \tFeliciano Valencia, autoridad ind\u00edgena de la zona inform\u00f3 que los combates en Toribio se intensificaron desde el pasado jueves, entre fuerza p\u00fablica y guerrilla, y ya las comunidades han entrado en desesperaci\u00f3n y muchas han abandonado la zona huyendo hacia San Francisco, otras hacia Jambal\u00f3 donde las autoridades ind\u00edgenas han adecuado zonas de concentraci\u00f3n y de paz que esperan que los actores armados respeten. Tambi\u00e9n hay familias que han dejado su territorio y se han marchado hacia Santander de Quilichao o a Cali donde algunos familiares les han brindado la protecci\u00f3n que el Estado colombiano no pudo hacerlo en su obligaci\u00f3n constitucional.\u00a0\u00a0 \u00a0<\/p>\n<p> \tValencia hace un llamado reiterativo al cese al fuego que a esta hora deja r\u00edos de comunidades saliendo de su territorio y hace un llamado a la solidaridad y acompa\u00f1amiento por parte de defensores de derechos humanos y del Ministerio P\u00fablico. De otra parte la Asociaci\u00f3n de Cabildos Ind\u00edgenas del Norte del Cauca, ACIN, advierte que el camino no es aumentar pie de fuerza militar, \u00fanica salida que ofrece el gobierno, pues de lo contrario esto agrava m\u00e1s la situaci\u00f3n y pone a las comunidades ha vivir, &ldquo;entre el miedo que produce el\u00a0 sonido de las balas, las avionetas y los explosivos tras la guerra que se libra\u00a0 en nuestros territorios&rdquo;, indican los comunicadores ind\u00edgenas de la regi\u00f3n en un grito desesperado de ayuda para que el conflicto cese y no cauce m\u00e1s v\u00edctimas y sufrimiento en sus comunidades. \u00a0<\/p>\n<p> \tPero no s\u00f3lo Toribio es blanco de la guerra Cauca, en otras regiones como el Naya, Su\u00e1rez, Miranda, Jambal\u00f3, y el resguardo de cerro Tijeras se han intensificado los combates y las familias se est\u00e1n\u00a0 desplazando a sitios de Asamblea permanente para proteger sus vidas. &ldquo;Hay heridos y muchos da\u00f1os. Adem\u00e1s est\u00e1n alterando la comunicaci\u00f3n, los equipos de transmisi\u00f3n y la antena de la\u00a0 emisora de Jambal\u00f3, por ejemplo, &lsquo;Voces de Nuestra Tierra&rsquo; fue afectada por un explosivo y est\u00e1 fuera del aire,\u00a0 los compa\u00f1eros de la emisora Nasa Est\u00e9reo de Toribio no pueden transmitir por los fuertes combates. Nosotros ahora estamos en alto riesgo, somos los \u00fanicos que estamos transmitiendo y en el sitio donde se encuentra nuestra torre, est\u00e1 militarizado&rdquo;, advierten los compa\u00f1eros del Tejido por la Verdad y la Vida.<\/p>\n<p> \tNada m\u00e1s grave que dejar sin comunicaci\u00f3n estas comunidades, atrapadas en medio de la guerra, por ello hacemos un llamado profundo a que los actores armados, militares y guerrilla, respeten la vida de las comunidades civiles, ello en el marco del m\u00ednimo cumplimiento y respeto al derecho internacional humanitarios y segundo que se respeten los sistemas de comunicaci\u00f3n de nuestros compa\u00f1eros ind\u00edgenas, pues es lo \u00fanico que en estos momentos puede coadyuvar a evitar una vulneraci\u00f3n mayor a los derechos de las v\u00edctimas, especialmente de los heridos, sus familias y las comunidades desplazadas y sus organizaciones.<\/p>\n<p> \tM\u00e1s informaci\u00f3n<\/p>\n<p> \t3148577040\u00a0 Feliciano Valencia ACIN<\/p>\n<p> \t3136455128 Miller Correa secretario de gobierno de Toribio<\/p>\n<p> \t<strong>Consejer\u00eda de Comunicaciones,<\/strong><br \/> \tOrganizaci\u00f3n Nacional Ind\u00edgena de Colombia, ONIC<br \/> \tCalle 12b No. 4 &#8211; 38<br \/> \tTels (57+1)284 21 68 &#8211; 281 18 45<br \/> \tPrensa: 3133432162<br \/> \twww.onic.org.co<br \/> \tcomunicaciones@onic.org.co<\/p>\n","protected":false},"excerpt":{"rendered":"<p>Comunicadores ind\u00edgenas de la zona reportan varios heridos y comunidades atrapadas en el fuego cruzado, adem\u00e1s de la advertencia de la Guerrilla a las comunidades de que deben abandonar el municipio de [&hellip;]<\/p>\n","protected":false},"author":2,"featured_media":0,"comment_status":"open","ping_status":"open","sticky":false,"template":"","format":"standard","meta":[],"categories":[73],"tags":[],"_links":{"self":[{"href":"https:\/\/tejidohistorico.afrodescendientes.com\/index.php\/wp-json\/wp\/v2\/posts\/4103"}],"collection":[{"href":"https:\/\/tejidohistorico.afrodescendientes.com\/index.php\/wp-json\/wp\/v2\/posts"}],"about":[{"href":"https:\/\/tejidohistorico.afrodescendientes.com\/index.php\/wp-json\/wp\/v2\/types\/post"}],"author":[{"embeddable":true,"href":"https:\/\/tejidohistorico.afrodescendientes.com\/index.php\/wp-json\/wp\/v2\/users\/2"}],"replies":[{"embeddable":true,"href":"https:\/\/tejidohistorico.afrodescendientes.com\/index.php\/wp-json\/wp\/v2\/comments?post=4103"}],"version-history":[{"count":0,"href":"https:\/\/tejidohistorico.afrodescendientes.com\/index.php\/wp-json\/wp\/v2\/posts\/4103\/revisions"}],"wp:attachment":[{"href":"https:\/\/tejidohistorico.afrodescendientes.com\/index.php\/wp-json\/wp\/v2\/media?parent=4103"}],"wp:term":[{"taxonomy":"category","embeddable":true,"href":"https:\/\/tejidohistorico.afrodescendientes.com\/index.php\/wp-json\/wp\/v2\/categories?post=4103"},{"taxonomy":"post_tag","embeddable":true,"href":"https:\/\/tejidohistorico.afrodescendientes.com\/index.php\/wp-json\/wp\/v2\/tags?post=4103"}],"curies":[{"name":"wp","href":"https:\/\/api.w.org\/{rel}","templated":true}]}}