{"id":4114,"date":"2012-07-09T22:05:54","date_gmt":"2012-07-09T22:05:54","guid":{"rendered":"http:\/\/www2.nasaacin.org\/index.php\/2012\/07\/09\/apoyo-a-la-resistencia-civil-indigena-en-el-cauca\/"},"modified":"2012-07-09T22:05:54","modified_gmt":"2012-07-09T22:05:54","slug":"apoyo-a-la-resistencia-civil-indigena-en-el-cauca","status":"publish","type":"post","link":"https:\/\/tejidohistorico.afrodescendientes.com\/index.php\/2012\/07\/09\/apoyo-a-la-resistencia-civil-indigena-en-el-cauca\/","title":{"rendered":"Apoyo a la resistencia civil ind\u00edgena en el Cauca"},"content":{"rendered":"<\/p>\n<div> \tRepudio a las violaciones del Derecho Internacional Humanitario.\u00a0Queridos amigos y amigas de la ACIN y concretamente habitantes de los municipios de Miranda, Jambal\u00f3 y Toribio (Cauca), la Red Italiana de Solidaridad Colombia Vive!, saluda el evento de resistencia y dignidad que en el d\u00eda de hoy, ind\u00edgenas Nasa realizan en el municipio de Toribio, repudiando las graves violaciones al Derecho Internacional Humanitario perpetradas por los actores armados durante los combates de los \u00faltimos d\u00edas.<\/div>\n<p>  <!--more-->  <\/p>\n<div> \t\u00a0<\/div>\n<div> \tRechazamos tajantemente la acci\u00f3n indiscriminada de los combatientes, de uno y otro bando, que atenta contra la poblaci\u00f3n civil, contra las organizaciones populares, contra el territorio, contra la vida en todas sus manifestaciones. Rechazamos los intereses econ\u00f3micos que se esconden atr\u00e1s de los discursos propios de cada formaci\u00f3n armada y que s\u00f3lo pretenden saquear las riquezas naturales presentes en el Cauca (y en toda la geograf\u00eda colombiana), pisoteando, aterrorizando y asesinando a los leg\u00edtimos due\u00f1os de ese territorio. Rechazamos el narcotr\u00e1fico y su influencia en los actores del conflicto.<\/div>\n<div> \t\u00a0<\/div>\n<div> \tExaltamos la ejemplar resistencia civil del pueblo Nasa, siempre firme en la defensa de la dignidad, la vida y el territorio. \u00a0 Destacamos la organizaci\u00f3n ind\u00edgena, con sus Sitios de Asamblea Permanente que se convierten en una inteligente estrategia para permanecer en el territorio a pesar de la terrible escalada de la guerra. Adherimos desde la distancia a los esfuerzos del pueblo Nasa por resistir no s\u00f3lo a la guerra, no s\u00f3lo al desplazamiento forzado, sino fundamentalmente a la expropiaci\u00f3n impulsada por el proyecto neoliberal \u00a0en todo el planeta. Su resistencia hace parte integral de la pluralidad de iniciativas que en la actualidad, y en todos los continentes, se oponen a la destrucci\u00f3n del planeta, a la continuaci\u00f3n de la exclusi\u00f3n, a la explotaci\u00f3n cada vez mayor de millones de seres \u00a0humanos. Su resistencia es ejemplo para las actuales y futuras generaciones.<\/div>\n<div> \t\u00a0<\/div>\n<div> \tDesde Italia, reciban nuestro abrazo, nuestra solidaridad, nuestra amistad.<\/div>\n<div> \tRete Italiana di Solidariet\u00e1 Colombia Vive!<\/div>\n<div> \t\u00a0<\/div>\n<div> \tNarni, 9 de Julio de 2012<\/div>\n<div> \t&#8212;\u00a0<\/div>\n<div> \t<strong>Rete Italiana di Solidariet\u00e0, Colombia Vive! Onlus \u00a0<\/strong><\/div>\n<div> \tSede legale: Comune di Narni, Ufficio per la Pace, Piazza dei Priori,1<\/div>\n<div> \tCAP: \u00a005035 Narni (Tr) Italia<\/div>\n<div> \tFax ++39 0744 715270<\/div>\n<div> \tE-mail: reteitalianadisolidarieta@gmail.com<\/div>\n<div> \t<a href=\"http:\/\/www.reteitaliana-colombiavive.org\/index.htm\">www.reteitaliana-colombiavive.org<\/a><\/div>\n","protected":false},"excerpt":{"rendered":"<p>Repudio a las violaciones del Derecho Internacional Humanitario.\u00a0Queridos amigos y amigas de la ACIN y concretamente habitantes de los municipios de Miranda, Jambal\u00f3 y Toribio (Cauca), la Red Italiana de Solidaridad Colombia [&hellip;]<\/p>\n","protected":false},"author":2,"featured_media":0,"comment_status":"open","ping_status":"open","sticky":false,"template":"","format":"standard","meta":[],"categories":[73],"tags":[],"_links":{"self":[{"href":"https:\/\/tejidohistorico.afrodescendientes.com\/index.php\/wp-json\/wp\/v2\/posts\/4114"}],"collection":[{"href":"https:\/\/tejidohistorico.afrodescendientes.com\/index.php\/wp-json\/wp\/v2\/posts"}],"about":[{"href":"https:\/\/tejidohistorico.afrodescendientes.com\/index.php\/wp-json\/wp\/v2\/types\/post"}],"author":[{"embeddable":true,"href":"https:\/\/tejidohistorico.afrodescendientes.com\/index.php\/wp-json\/wp\/v2\/users\/2"}],"replies":[{"embeddable":true,"href":"https:\/\/tejidohistorico.afrodescendientes.com\/index.php\/wp-json\/wp\/v2\/comments?post=4114"}],"version-history":[{"count":0,"href":"https:\/\/tejidohistorico.afrodescendientes.com\/index.php\/wp-json\/wp\/v2\/posts\/4114\/revisions"}],"wp:attachment":[{"href":"https:\/\/tejidohistorico.afrodescendientes.com\/index.php\/wp-json\/wp\/v2\/media?parent=4114"}],"wp:term":[{"taxonomy":"category","embeddable":true,"href":"https:\/\/tejidohistorico.afrodescendientes.com\/index.php\/wp-json\/wp\/v2\/categories?post=4114"},{"taxonomy":"post_tag","embeddable":true,"href":"https:\/\/tejidohistorico.afrodescendientes.com\/index.php\/wp-json\/wp\/v2\/tags?post=4114"}],"curies":[{"name":"wp","href":"https:\/\/api.w.org\/{rel}","templated":true}]}}