{"id":4132,"date":"2012-07-12T02:38:39","date_gmt":"2012-07-12T02:38:39","guid":{"rendered":"http:\/\/www2.nasaacin.org\/index.php\/2012\/07\/12\/comunicado-unicauca\/"},"modified":"2012-07-12T02:38:39","modified_gmt":"2012-07-12T02:38:39","slug":"comunicado-unicauca","status":"publish","type":"post","link":"https:\/\/tejidohistorico.afrodescendientes.com\/index.php\/2012\/07\/12\/comunicado-unicauca\/","title":{"rendered":"Comunicado UNICAUCA"},"content":{"rendered":"<p> \tEl programa de Maestr\u00eda en Estudios Interdisciplinarios del Desarrollo de la Universidad del Cauca expresa p\u00fablicamente su reconocimiento, apoyo y solidaridad a la lucha del pueblo Nasa frente a la presencia de los distintos actores armados en el territorio del norte del Cauca.<\/p>\n<p>  <!--more-->  <\/p>\n<div> \t\u00a0Las sugerentes y valientes acciones inscritas en el marco de la declaraci\u00f3n de resistencia permanente constituyen un ejemplo de lucha por los procesos auton\u00f3micos en una zona altamente compleja y conflictiva cuyo territorio es considerado estrat\u00e9gico para la econom\u00eda regional y teatro de la confrontaci\u00f3n armada, tanto por el control territorial como por la potencialidad biodiversa, minera y socio\/cultural.<\/div>\n<div> \t\u00a0<\/div>\n<div> \tLas acciones emprendidas en favor de la defensa de la vida, el territorio, la identidad y la autonom\u00eda, constituyen referentes de importancia a la hora de pensar y practicar pol\u00edticas espec\u00edficas el lado del desarrollo local y regional a partir de las singularidades y urgencias del pueblo Nasa.\u00a0<\/div>\n<div> \t\u00a0<\/div>\n<div> \tRechazamos las permanentes acciones armadas y los enfrentamientos acrecentados en las \u00faltimas semanas en los territorios ind\u00edgenas del Cauca, los que han comprometido la tranquilidad \u00a0y armon\u00eda de la poblaci\u00f3n, al tiempo que afectan el desarrollo de los procesos en defensa de la VIDA y la autonom\u00eda de las organizaciones ind\u00edgenas y comunitarias. \u00a0<\/div>\n<div> \t\u00a0<\/div>\n<div> \tSaludamos las diferentes acciones contra todos los actores armados y la intensificaci\u00f3n del conflicto y hacemos un llamado a todos los organismos de derechos humanos y a las organizaciones sociales para que expresen su solidaridad, denuncien \u00a0y acompa\u00f1en estos procesos en favor de la consolidaci\u00f3n de caminos de paz y la salida dialogada y negociada al conflicto armado interno.<\/div>\n<div> \t\u00a0<\/div>\n<div> \t<strong>Programa de Maestr\u00eda en Estudios Interdisciplinarios del Desarrollo, Universidad del Cauca, Colombia<\/strong><\/div>\n<div> \t\u00a0<\/div>\n","protected":false},"excerpt":{"rendered":"<p>El programa de Maestr\u00eda en Estudios Interdisciplinarios del Desarrollo de la Universidad del Cauca expresa p\u00fablicamente su reconocimiento, apoyo y solidaridad a la lucha del pueblo Nasa frente a la presencia de [&hellip;]<\/p>\n","protected":false},"author":2,"featured_media":0,"comment_status":"open","ping_status":"open","sticky":false,"template":"","format":"standard","meta":[],"categories":[75],"tags":[],"_links":{"self":[{"href":"https:\/\/tejidohistorico.afrodescendientes.com\/index.php\/wp-json\/wp\/v2\/posts\/4132"}],"collection":[{"href":"https:\/\/tejidohistorico.afrodescendientes.com\/index.php\/wp-json\/wp\/v2\/posts"}],"about":[{"href":"https:\/\/tejidohistorico.afrodescendientes.com\/index.php\/wp-json\/wp\/v2\/types\/post"}],"author":[{"embeddable":true,"href":"https:\/\/tejidohistorico.afrodescendientes.com\/index.php\/wp-json\/wp\/v2\/users\/2"}],"replies":[{"embeddable":true,"href":"https:\/\/tejidohistorico.afrodescendientes.com\/index.php\/wp-json\/wp\/v2\/comments?post=4132"}],"version-history":[{"count":0,"href":"https:\/\/tejidohistorico.afrodescendientes.com\/index.php\/wp-json\/wp\/v2\/posts\/4132\/revisions"}],"wp:attachment":[{"href":"https:\/\/tejidohistorico.afrodescendientes.com\/index.php\/wp-json\/wp\/v2\/media?parent=4132"}],"wp:term":[{"taxonomy":"category","embeddable":true,"href":"https:\/\/tejidohistorico.afrodescendientes.com\/index.php\/wp-json\/wp\/v2\/categories?post=4132"},{"taxonomy":"post_tag","embeddable":true,"href":"https:\/\/tejidohistorico.afrodescendientes.com\/index.php\/wp-json\/wp\/v2\/tags?post=4132"}],"curies":[{"name":"wp","href":"https:\/\/api.w.org\/{rel}","templated":true}]}}