{"id":4137,"date":"2012-07-12T23:28:06","date_gmt":"2012-07-12T23:28:06","guid":{"rendered":"http:\/\/www2.nasaacin.org\/index.php\/2012\/07\/12\/ejercito-como-guerrilla-no-pueden-legitimar-su-presencia-en-el-territorio-del-pueblo-nasa\/"},"modified":"2012-07-12T23:28:06","modified_gmt":"2012-07-12T23:28:06","slug":"ejercito-como-guerrilla-no-pueden-legitimar-su-presencia-en-el-territorio-del-pueblo-nasa","status":"publish","type":"post","link":"https:\/\/tejidohistorico.afrodescendientes.com\/index.php\/2012\/07\/12\/ejercito-como-guerrilla-no-pueden-legitimar-su-presencia-en-el-territorio-del-pueblo-nasa\/","title":{"rendered":"Ej\u00e9rcito como guerrilla no pueden legitimar su presencia en el territorio del Pueblo Nasa"},"content":{"rendered":"<div> \tRelato y reflexiones sobre las actividades del 11 de julio en Torib\u00edo.\u00a0Mientras el presidente Santos bajaba de su helic\u00f3ptero para reunirse con sus ministros, que las avionetas y helic\u00f3pteros sobrevolaban el municipio de Torib\u00edo, que los militares y los polic\u00edas se ubicaban en cada casa, la comunidad ind\u00edgena Nasa, movilizada frente a los hostigamientos sufridos desde hace varios d\u00edas &#8211; y desde hace varios a\u00f1os &ndash; se reun\u00eda para demostrarle al presidente y a su fuerza p\u00fablica que no eran bienvenidos en el territorio ancestral.\u00a0<\/div>\n<p>  <!--more-->  <\/p>\n<div> \t\u00a0<\/div>\n<div> \tEl gobierno, nunca atendi\u00f3 a los toribianos cuando, el a\u00f1o pasado, una chiva bomba de la guerrilla destruy\u00f3 la casi totalidad del casco urbano. Ayer, el presidente ni siquiera quiso recibir a un grupo de la comunidad para escuchar su voz, sus decisiones y sus reivindicaciones. Santos acept\u00f3 recibir algunas autoridades, \u00a0pero los ind\u00edgenas no se dejan enga\u00f1ar: los Nasas ya sab\u00edan desde antes que las negociaciones con algunos representantes s\u00f3lo sirven para legitimar las acciones del gobierno sin tener en cuenta la comunidad. &ldquo;Aqu\u00ed hay muertos y nadie nos atiende&rdquo; gritaron comuneras, &ldquo;\u00a1nosotros es bala lo que hemos recibido!&rdquo;.<\/div>\n<div> \t\u00a0<\/div>\n<div> \tNegando las vueltas estrat\u00e9gicas de Santos, la comunidad y las autoridades ind\u00edgenas se reunieron en Asamblea y decidieron seguir con las acciones de control del territorio. Que el presidente se quede hablando solo con sus ministros, que se quede vomitando sus mentiras. Porque la comunidad va a seguir defendi\u00e9ndose sola, pues no necesita que la defiendan. Por la Minga, el pueblo Nasa ejerce su autonom\u00eda, la ejerce contra los que la niegan: el gobierno, la polic\u00eda, el ej\u00e9rcito, los paramilitares y la guerrilla.\u00a0<\/div>\n<div> \t\u00a0<\/div>\n<div> \tTres comisiones se formaron para recorrer el territorio, con el fin de sacar a los actores armados legales e ilegales de la zona. Mientras una comisi\u00f3n sub\u00eda a la torre ubicada en el cerro Berl\u00edn, otra baj\u00f3 en direcci\u00f3n del Tierrero, donde la guerrilla hac\u00eda un ret\u00e9n, a dos kil\u00f3metros apenas de Torib\u00edo.\u00a0<\/div>\n<div> \t\u00a0<\/div>\n<div> \tEsa comisi\u00f3n fue encargada de debatir con los guerrilleros para que dejaran de atacar al pueblo, de se\u00f1alar a los comuneros, de controlar la circulaci\u00f3n de la poblaci\u00f3n civil, de reclutar a los ni\u00f1os, de colocar minas en los campos, de amenazar, de asesinar&#8230; en suma pedir que se fueran del territorio para vivir dignamente en el marco de la autonom\u00eda y del gobierno proprio.\u00a0<\/div>\n<div> \t\u00a0<\/div>\n<div> \tUna chiva y varias camionetas ocupadas por comuneros y comuneras, as\u00ed como veh\u00edculos de prensa, bajaron hacia un r\u00edo cuyas orillas estaban minadas. All\u00ed la guardia ind\u00edgena recogi\u00f3 varios tatucos que la guerrilla hab\u00eda dejado tirados. Las bombas fueron llevadas con mucho cuidado hacia el pueblo para destruirlas. Los artefactos de la guerrilla se encuentran en todo el territorio y cuando la guardia no los destruye, son los ni\u00f1os que, jugando a la pelota, los pisan y les cambia la vida y pierden sus sue\u00f1os. \u00a0<\/div>\n<div> \t\u00a0<\/div>\n<div> \tTras limpiar las orillas del r\u00edo, la comisi\u00f3n baj\u00f3 hacia el ret\u00e9n del sexto frente de las FARC, donde unos tres guerrilleros revisaban los carros subiendo a Torib\u00edo. El gobernador, con el respaldo de la comunidad, dio a conocer las decisiones de la asamblea al grupo armado. Se les exigi\u00f3 que se fueran del lugar y que dejaran de hostigar al pueblo, afectando a los civiles. La guerrilla acept\u00f3 retirarse, aunque no tom\u00f3 en cuenta la posici\u00f3n de la comunidad en respeto al conflicto armado.<\/div>\n<div> \t\u00a0<\/div>\n<div> \tEl jefe guerrillero afirm\u00f3 por su parte que &ldquo;mientras est\u00e9 el batall\u00f3n y el puesto de polic\u00eda, las confrontaciones van a seguir&rdquo;. Ellos dicen que los combates son los frutos de las operaciones del ej\u00e9rcito y de la polic\u00eda en contra de la guerrilla. Pero, \u00bfacaso no fueron las FARC las que colocaron una chiva bomba al lado del puesto de polic\u00eda, destruyendo Torib\u00edo, asesinando civiles e hiriendo a centenas de personas? \u00bfNo fueron ellos los que tumbaron la antena en Jambal\u00f3?, privando el pueblo de emisora, herramienta vital en tiempo de combates y para la resistencia.\u00a0<\/div>\n<div> \t\u00a0<\/div>\n<div> \tLas FARC tambi\u00e9n manejan discursos bonitos con demagogia y, al igual que el se\u00f1or presidente, usan los medios de comunicaci\u00f3n para justificar sus actos violentos contra los civiles. \u00a0&ldquo;No estamos contra los civiles pero contra la polic\u00eda.&rdquo; contest\u00f3 el representante del sexto frente a la prensa, &ldquo;el conflicto se acaba cuando hay inversi\u00f3n social aqu\u00ed en Torib\u00edo y al nivel nacional, cuando no hay m\u00e1s ni\u00f1os pobres, cuando ya no hay m\u00e1s ind\u00edgenas con hambre, cuando los ind\u00edgenas tengan una vida digna&rdquo;, prosigue. \u00bfEntonces si la guerrilla quiere el bien de los ind\u00edgenas por qu\u00e9 siguen asesinando a sus l\u00edderes? \u00bfPor qu\u00e9 siguen amenazando a los integrantes del proceso organizativo, a los comunicadores, a los comuneros y comuneras que vienen caminando la palabra y construyendo la autonom\u00eda? \u00bfPor qu\u00e9 no respetan las tierras colectivas donde colocan sus bombas?, \u00bfpor qu\u00e9 hacen de los cultivos ancestrales y sagrados -como la hoja de coca- un negocio?, \u00a0\u00bfpor qu\u00e9 se ubican en las casas poniendo en riesgo a los habitantes?, \u00bfpor qu\u00e9 impiden la autonom\u00eda ind\u00edgena controlando el territorio? Los contra-argumentos sobran.\u00a0<\/div>\n<div> \t\u00a0<\/div>\n<div> \tLo que quiere la guerrilla es satisfacer sus intereses, pues la guerra es un negocio que produce muchas ganancias. Hace tiempo que el proyecto pol\u00edtico de la guerrilla ha fallado para convertirse en una lucha por el control de los recursos naturales. La guerrilla se aprovecha de la llegada de las multinacionales en los territorios ind\u00edgenas, quienes les compran &ldquo;servicios de protecci\u00f3n&rdquo; frente a la resistencia de las comunidades, tambi\u00e9n hace su negocio sobre los cultivos de coca y marihuana, los cuales permiten apenas el sustento de los campesinos. Lo que busca la guerrilla es la acumulaci\u00f3n de capital, o sea que tiene motivos iguales a los del gobierno nacional junto a los capitalistas del planeta.\u00a0<\/div>\n<div> \t\u00a0<\/div>\n<div> \tLos discursos son bonitos. La realidad es otra. Cuando la guerrilla dice que lucha por la vida digna de los ind\u00edgenas es lo mismo que cuando Santos dice que quiere la paz con toneladas de municiones y aparatos militares financiados por el Plan Colombia.\u00a0<\/div>\n<div> \t\u00a0<\/div>\n<div> \t&ldquo;La visita de Santos es un fracaso&rdquo; dice la guerrilla, &ldquo;no van a acabar con la guerrilla con eso&rdquo;. S\u00ed, la visita de Santos es un fracaso, pero debido a la movilizaci\u00f3n de las comunidades ind\u00edgenas, porque ellas se levantaron y rechazaron la pol\u00edtica de Santos. El gobierno no va a acabar con la guerrilla, pero el proceso ind\u00edgena s\u00ed, y acabar\u00e1 con todos los grupos armados legales e ilegales presentes en el territorio.\u00a0<\/div>\n<div> \t\u00a0<\/div>\n<div> \tPorque las comunidades ind\u00edgenas quieren decidir. Quieren aplicar sus Planes de Vida sin que vengan el gobierno o la guerrilla a decirles c\u00f3mo proceder con sus planes de muerte.\u00a0<\/div>\n<div> \tEn Torib\u00edo lo demostraron con acciones de control territorial, y seguir\u00e1n haci\u00e9ndolo hasta que se vayan todos y hasta que puedan ejercer su autonom\u00eda y su gobierno proprio sin condiciones.\u00a0<\/div>\n<div> \t\u00a0<\/div>\n<div> \t<strong>Tejido de Comunicaci\u00f3n &#8211; ACIN<\/strong><\/div>\n<div> \ttejidocomunicacion@gmail.com<\/div>\n","protected":false},"excerpt":{"rendered":"<p>Relato y reflexiones sobre las actividades del 11 de julio en Torib\u00edo.\u00a0Mientras el presidente Santos bajaba de su helic\u00f3ptero para reunirse con sus ministros, que las avionetas y helic\u00f3pteros sobrevolaban el municipio [&hellip;]<\/p>\n","protected":false},"author":2,"featured_media":0,"comment_status":"open","ping_status":"open","sticky":false,"template":"","format":"standard","meta":[],"categories":[73],"tags":[],"_links":{"self":[{"href":"https:\/\/tejidohistorico.afrodescendientes.com\/index.php\/wp-json\/wp\/v2\/posts\/4137"}],"collection":[{"href":"https:\/\/tejidohistorico.afrodescendientes.com\/index.php\/wp-json\/wp\/v2\/posts"}],"about":[{"href":"https:\/\/tejidohistorico.afrodescendientes.com\/index.php\/wp-json\/wp\/v2\/types\/post"}],"author":[{"embeddable":true,"href":"https:\/\/tejidohistorico.afrodescendientes.com\/index.php\/wp-json\/wp\/v2\/users\/2"}],"replies":[{"embeddable":true,"href":"https:\/\/tejidohistorico.afrodescendientes.com\/index.php\/wp-json\/wp\/v2\/comments?post=4137"}],"version-history":[{"count":0,"href":"https:\/\/tejidohistorico.afrodescendientes.com\/index.php\/wp-json\/wp\/v2\/posts\/4137\/revisions"}],"wp:attachment":[{"href":"https:\/\/tejidohistorico.afrodescendientes.com\/index.php\/wp-json\/wp\/v2\/media?parent=4137"}],"wp:term":[{"taxonomy":"category","embeddable":true,"href":"https:\/\/tejidohistorico.afrodescendientes.com\/index.php\/wp-json\/wp\/v2\/categories?post=4137"},{"taxonomy":"post_tag","embeddable":true,"href":"https:\/\/tejidohistorico.afrodescendientes.com\/index.php\/wp-json\/wp\/v2\/tags?post=4137"}],"curies":[{"name":"wp","href":"https:\/\/api.w.org\/{rel}","templated":true}]}}