{"id":4139,"date":"2012-07-13T23:40:09","date_gmt":"2012-07-13T23:40:09","guid":{"rendered":"http:\/\/www2.nasaacin.org\/index.php\/2012\/07\/13\/herido-camilo-tarquinas-coordinador-de-la-guardia-indigena-de-miranda-cauca\/"},"modified":"2012-07-13T23:40:09","modified_gmt":"2012-07-13T23:40:09","slug":"herido-camilo-tarquinas-coordinador-de-la-guardia-indigena-de-miranda-cauca","status":"publish","type":"post","link":"https:\/\/tejidohistorico.afrodescendientes.com\/index.php\/2012\/07\/13\/herido-camilo-tarquinas-coordinador-de-la-guardia-indigena-de-miranda-cauca\/","title":{"rendered":"Herido Camilo Tarquinas coordinador de la guardia ind\u00edgena de Miranda Cauca"},"content":{"rendered":"<\/p>\n<p> \tLas organizaciones abajo firmantes consternadas ante la negligencia de los actores armados que operan en el norte del Cauca y la falta de voluntad pol\u00edtica del\u00a0 Gobierno del presidente Juan Manuel Santos para frenar la guerra que afrontan las comunidades ind\u00edgenas de este territorio,<\/p>\n<p>  <!--more-->  <\/p>\n<p> \tsolicitamos a la comunidad nacional e internacional pronunciarse\u00a0 a la mayor brevedad posible, exigiendo respeto a las normas nacionales e internacionales de protecci\u00f3n a los derechos humanos y derecho internacional humanitario, as\u00ed como a \u00a0<\/p>\n<p> \t<strong>Los hechos<\/strong><\/p>\n<p> \tEl d\u00eda de hoy 13 de julio de 2012, en el Municipio de Miranda Cauca,\u00a0\u00a0 siendo aproximadamente las 2:30 de la tarde,\u00a0 CAMILO TARQUINAS,\u00a0 coordinador de la Guardia Ind\u00edgena del Municipio de Miranda, fue herido en su pierna izquierda por arma de fuego.<\/p>\n<p> \tEl coordinador de la Guardia de 34 a\u00f1os de edad, fue inicialmente trasladado al Hospital de Miranda, desde donde fue remitido hace pocos minutos al Hospital Departamental del Valle del Cauca.<\/p>\n<p> \tEn la acci\u00f3n urgente enviada el d\u00eda 8 de julio, solicit\u00e1bamos de manera urgente acciones de prevenci\u00f3n y protecci\u00f3n a las comunidades ind\u00edgenas del Cauca en particular a los pueblos ind\u00edgenas que habitan los municipios del norte entre ellos los Municipios de\u00a0 Toribio y Miranda. \u00a0<\/p>\n<p> \tEl d\u00eda de 8 de julio de 2012, a las 11:15 a.m. en el municipio de Toribio cuatro trabajadoras de la salud que laboran en el programa de la IPS Ind\u00edgena fueron\u00a0 heridas,\u00a0 los hechos se produjeron cuando un\u00a0 artefacto explosivo estall\u00f3 cerca del puesto de salud.<\/p>\n<p> \tLas personas heridas fueron la enfermera Jefe ELENA BRISE\u00d1O, La auxiliar de enfermer\u00eda GLORIA FAJARDO, la Comunera ind\u00edgena ADRIANA UL y la Coordinadora de promotores de Salud, ANA LIGIA ESCUE.<\/p>\n<p> \tEl d\u00eda\u00a0 7 de julio de 2012, una guardia ind\u00edgena y un menor de edad igualmente resultaron gravemente heridos.<\/p>\n<p> \tLas exacerbaci\u00f3n de las confrontaciones armadas se vienen presentado desde hace 13 d\u00edas, obligando a las comunidades ind\u00edgenas a desplazarse y abandonar sus viviendas y concentrarse en los sitios de Asamblea Permanente.<\/p>\n<p> \tLa cr\u00edtica situaci\u00f3n Humanitaria, escases de alimentos y medicamentos para atender los problemas de salud\u00a0 de las comunidades exigen una acci\u00f3n inmediata de solidaridad de todos los pueblos del mundo.<\/p>\n<p> \tLas autoridades Ind\u00edgenas contin\u00faan exigiendo a los actores armados\u00a0 Ej\u00e9rcito Nacional y la guerrilla de las FARC-EP retirarse de manera inmediata y respetar el territorio ancestral y no continuar colocando en riesgo\u00a0 la integridad f\u00edsica, sicol\u00f3gica\u00a0 y autonom\u00eda de las comunidades.<\/p>\n<p> \tDe la misma manera, las autoridades tradicionales del territorio, la guardia ind\u00edgena y todos los comuneros del municipio, han reiterado que continuaran adelantando las MINGAS POR LA VIDA Y\u00a0 DEFENSA DEL TERRITORIO hasta que los actores armados salgan del territorio.<\/p>\n<p> \tResponsabilizamos\u00a0 a los actores armados Ejercito Nacional\u00a0 y Guerrilla de las FARC- EP, de los hechos que se desencadenen a ra\u00edz de estas confrontaciones armadas que han puesto en riesgo, la vida y la integridad de las comunidades y el territorio.<\/p>\n<p> \tExigimos respeto a los derechos humanos y al derecho internacional humanitario de las comunidades ind\u00edgenas.<\/p>\n<p> \tSolicitamos a los organismos multilaterales de Naciones Unidas y a la Cruz Roja Internacional,\u00a0 CIDH OEA, acciones inmediatas de protecci\u00f3n a las comunidades, ayuda humanitaria y acompa\u00f1amiento en el terreno a las comunidades.<\/p>\n<p> \tAcompa\u00f1amos las solicitudes de las autoridades ind\u00edgenas de la Asociaci\u00f3n de Cabildos Ind\u00edgenas del Norte del Cauca, ACIN y el Concejo Regional Ind\u00edgena del Cauca CRIC, en torno a buscar de manera inmediata.<\/p>\n<p> \ta) Reconocimiento de la guardia ind\u00edgena como agente del control territorial, social y cultural.<\/p>\n<p> \tb) Convertir al Cauca en una zona de paz y,<\/p>\n<p> \tc) Reconocer los territorios ind\u00edgenas como ancestrales y aut\u00f3nomos<br \/> \t\u00a0<br \/> \tAsociaci\u00f3n para la Investigaci\u00f3n y Acci\u00f3n Social &ndash;NOMADESC<\/p>\n<p> \tMOVICE- Capitulo Valle del Cauca<\/p>\n<p> \tFundaci\u00f3n Comit\u00e9 de Solidaridad con los Presos Pol\u00edticos- Seccional Valle del Cauca &ndash;CSPP.<\/p>\n<p> \tSINTRAUNICOL Subdirectiva Cali.<\/p>\n<p> \t<strong>SOS<\/strong><\/p>\n","protected":false},"excerpt":{"rendered":"<p>Las organizaciones abajo firmantes consternadas ante la negligencia de los actores armados que operan en el norte del Cauca y la falta de voluntad pol\u00edtica del\u00a0 Gobierno del presidente Juan Manuel Santos [&hellip;]<\/p>\n","protected":false},"author":1,"featured_media":0,"comment_status":"open","ping_status":"open","sticky":false,"template":"","format":"standard","meta":[],"categories":[73],"tags":[],"_links":{"self":[{"href":"https:\/\/tejidohistorico.afrodescendientes.com\/index.php\/wp-json\/wp\/v2\/posts\/4139"}],"collection":[{"href":"https:\/\/tejidohistorico.afrodescendientes.com\/index.php\/wp-json\/wp\/v2\/posts"}],"about":[{"href":"https:\/\/tejidohistorico.afrodescendientes.com\/index.php\/wp-json\/wp\/v2\/types\/post"}],"author":[{"embeddable":true,"href":"https:\/\/tejidohistorico.afrodescendientes.com\/index.php\/wp-json\/wp\/v2\/users\/1"}],"replies":[{"embeddable":true,"href":"https:\/\/tejidohistorico.afrodescendientes.com\/index.php\/wp-json\/wp\/v2\/comments?post=4139"}],"version-history":[{"count":0,"href":"https:\/\/tejidohistorico.afrodescendientes.com\/index.php\/wp-json\/wp\/v2\/posts\/4139\/revisions"}],"wp:attachment":[{"href":"https:\/\/tejidohistorico.afrodescendientes.com\/index.php\/wp-json\/wp\/v2\/media?parent=4139"}],"wp:term":[{"taxonomy":"category","embeddable":true,"href":"https:\/\/tejidohistorico.afrodescendientes.com\/index.php\/wp-json\/wp\/v2\/categories?post=4139"},{"taxonomy":"post_tag","embeddable":true,"href":"https:\/\/tejidohistorico.afrodescendientes.com\/index.php\/wp-json\/wp\/v2\/tags?post=4139"}],"curies":[{"name":"wp","href":"https:\/\/api.w.org\/{rel}","templated":true}]}}