{"id":4143,"date":"2012-07-14T17:39:21","date_gmt":"2012-07-14T17:39:21","guid":{"rendered":"http:\/\/www2.nasaacin.org\/index.php\/2012\/07\/14\/otra-osadia-de-los-indigenas\/"},"modified":"2012-07-14T17:39:21","modified_gmt":"2012-07-14T17:39:21","slug":"otra-osadia-de-los-indigenas","status":"publish","type":"post","link":"https:\/\/tejidohistorico.afrodescendientes.com\/index.php\/2012\/07\/14\/otra-osadia-de-los-indigenas\/","title":{"rendered":"Otra osad\u00eda de los ind\u00edgenas"},"content":{"rendered":"<div> \tUna minga de 200 nasa lleg\u00f3 hasta el lugar del siniestro, desarm\u00f3 el avi\u00f3n y se lo llev\u00f3. Luego hicieron riegos y despejes en el lugar, para apaciguar los esp\u00edritus de los muertos.<\/div>\n<p>  <!--more-->  <\/p>\n<div> \t\u00a0<\/div>\n<div> \tSi a alguien le quedaba duda sobre la osad\u00eda de los ind\u00edgenas que esta semana desafiaron a la Fuerza P\u00fablica, al Estado y a la guerrilla de las Farc al exigirles que se vayan de Torib\u00edo y Jambal\u00f3, Cauca, la acci\u00f3n que desarrollaron este viernes no deja dudas sobre hasta d\u00f3nde pueden llegar para que sus demandas sean o\u00eddas. \u00a0<\/div>\n<div> \t\u00a0<\/div>\n<div> \tPese a las advertencias de las Fuerzas Militares de que no se acercaran a la zona en la que cay\u00f3 el avi\u00f3n Supertucano de la Fuerza A\u00e9rea Colombiana, siniestrado el mi\u00e9rcoles y minado por la guerrilla, 200 ind\u00edgenas de la familia nasa llegaron hasta el lugar y desarmaron el avi\u00f3n. (Ver galer\u00eda).<\/div>\n<div> \t\u00a0<\/div>\n<div> \tEsta inesperada acci\u00f3n la realizaron con la condici\u00f3n de que se llevaran de inmediato esa aeronave a la que asocian con las desgracias que padece la regi\u00f3n por cuenta del conflicto armado. Acto seguido, hicieron rituales para despejar el lugar, pues all\u00ed murieron los dos tripulantes del Supertucano, y consideraban necesario limpiar espiritualmente el \u00e1rea.<\/div>\n<div> \t\u00a0<\/div>\n<div> \tLas autoridades ind\u00edgenas, encabezadas por el coordinador del plan de vida de Jambal\u00f3, Marcos Pechen\u00e9; el coordinador de la guardia ind\u00edgena, Javier G\u00fceg\u00fc\u00e9, y los dirigentes del cabildo, Hermes Pilcu\u00e9 y Saulo Mestizo, fueron las que convocaron la minga hacia la vereda San Antonio de este municipio.<\/div>\n<div> \t\u00a0<\/div>\n<div> \tEn la ma\u00f1ana, la guardia y las autoridades ind\u00edgenas, junto con los dirigentes comunales, se hab\u00edan reunido para decidir las acciones de hecho que tomar\u00edan frente a los fuertes combates que se vienen presentando en Jambal\u00f3 entre las Farc y el Ej\u00e9rcito por el control de la zona tras la ca\u00edda del avi\u00f3n. &ldquo;Nuestro objetivo es limpiar el territorio, no queremos tener artefactos militares aqu\u00ed. Esto se convirti\u00f3 en una competencia por ver qui\u00e9n llega primero a sacar el aparato y es la comunidad la que est\u00e1 en riesgo&rdquo;, dijo Marcos Pechen\u00e9, alentando a la comunidad a salir en grupo a retirar los restos del avi\u00f3n de guerra.<\/div>\n<div> \t\u00a0<\/div>\n<div> \tSeg\u00fan lo relataron a El Espectador miembros de la comunidad que vieron el siniestro, dos aviones Supertucano sobrevolaron la zona rural del municipio, a las 2:50 de la tarde del mi\u00e9rcoles, apoyando a las unidades del Ej\u00e9rcito que enfrentaban a las Farc desde el 3 de julio, cuando la guerrilla tumb\u00f3 la torre de comunicaci\u00f3n por celular para aislar a la regi\u00f3n.<\/div>\n<div> \t&ldquo;Acab\u00e1bamos de almorzar y est\u00e1bamos en asamblea cuando el avi\u00f3n baj\u00f3 como para echar la bomba y de pronto vimos una r\u00e1faga que sali\u00f3 de la monta\u00f1a y luego el avi\u00f3n cay\u00f3&rdquo;, dijeron los ind\u00edgenas que, justamente, est\u00e1n refugiados en una escuela de la vereda Lomalarga, resguard\u00e1ndose de los fuertes combates.<\/div>\n<div> \t\u00a0<\/div>\n<div> \tA esa misma hora el presidente Juan Manuel Santos dirig\u00eda un consejo de ministros y uno de seguridad en el casco urbano de Torib\u00edo, a hora y media de camino (por carretera destapada) del sitio donde fue impactada la aeronave de fabricaci\u00f3n brasile\u00f1a.<\/div>\n<div> \tLos combates persistieron hasta la noche del jueves, seg\u00fan reportes de la poblaci\u00f3n. Ese mismo d\u00eda, al caer la tarde, tropas de la brigada m\u00f3vil 28 llegaron hasta el lugar y aseguraron la zona. Se esperaba que ayer una comisi\u00f3n de t\u00e9cnicos de la Fuerza A\u00e9rea Colombiana, que incluye a un especialista de la empresa fabricante del avi\u00f3n, Embraer, llegara al sitio para evaluar el estado de los supuestos explosivos enterrados con el fuselaje del avi\u00f3n. Sin embargo, el mal tiempo en la zona impidi\u00f3 el aterrizaje del helic\u00f3ptero que los transportaba.<\/div>\n<div> \t&ldquo;Les insistimos a las autoridades ind\u00edgenas en que corr\u00edan un alto riesgo al manipular los restos del avi\u00f3n, porque esta es una aeronave de combate que tiene material de guerra alojado en el fuselaje, pero ellos no quisieron escucharnos&rdquo;, dijo el cabo Segundo Emery, encargado de controlar esa zona. No obstante, los dirigentes ind\u00edgenas no hicieron caso a las advertencias y bajaron por la monta\u00f1a con 200 pobladores.<\/div>\n<div> \t\u00a0<\/div>\n<div> \tArmados con sus bastones de mando y con manilas, los miembros de la guardia ind\u00edgena lideraron las labores de extracci\u00f3n, mientras los dem\u00e1s miembros de la comunidad esperaban para cargar, pedazo por pedazo, los restos del avi\u00f3n hasta la carretera, a unos 150 metros, donde los recoger\u00eda una camioneta. Los hierros retorcidos ser\u00edan luego llevados a un punto de la zona rural donde no causaran problema a la poblaci\u00f3n. Se esperaba que este fin de semana fueran entregados a una comisi\u00f3n humanitaria.<\/div>\n<div> \t* Nombre cambiado.<\/div>\n<div> \t\u00a0<\/div>\n<div> \tPor: Gloria Castrill\u00f3n\/Enviada especial, El Espectador y Cromos, Jambal\u00f3, Cauca<\/div>\n<div> \t<a href=\"http:\/\/www.elespectador.com\/noticias\/nacional\/articulo-359758-otra-osadia-de-los-indigenas\">http:\/\/www.elespectador.com\/noticias\/nacional\/articulo-359758-otra-osadia-de-los-indigenas<\/a><\/div>\n","protected":false},"excerpt":{"rendered":"<p>Una minga de 200 nasa lleg\u00f3 hasta el lugar del siniestro, desarm\u00f3 el avi\u00f3n y se lo llev\u00f3. Luego hicieron riegos y despejes en el lugar, para apaciguar los esp\u00edritus de los [&hellip;]<\/p>\n","protected":false},"author":2,"featured_media":0,"comment_status":"open","ping_status":"open","sticky":false,"template":"","format":"standard","meta":[],"categories":[73],"tags":[],"_links":{"self":[{"href":"https:\/\/tejidohistorico.afrodescendientes.com\/index.php\/wp-json\/wp\/v2\/posts\/4143"}],"collection":[{"href":"https:\/\/tejidohistorico.afrodescendientes.com\/index.php\/wp-json\/wp\/v2\/posts"}],"about":[{"href":"https:\/\/tejidohistorico.afrodescendientes.com\/index.php\/wp-json\/wp\/v2\/types\/post"}],"author":[{"embeddable":true,"href":"https:\/\/tejidohistorico.afrodescendientes.com\/index.php\/wp-json\/wp\/v2\/users\/2"}],"replies":[{"embeddable":true,"href":"https:\/\/tejidohistorico.afrodescendientes.com\/index.php\/wp-json\/wp\/v2\/comments?post=4143"}],"version-history":[{"count":0,"href":"https:\/\/tejidohistorico.afrodescendientes.com\/index.php\/wp-json\/wp\/v2\/posts\/4143\/revisions"}],"wp:attachment":[{"href":"https:\/\/tejidohistorico.afrodescendientes.com\/index.php\/wp-json\/wp\/v2\/media?parent=4143"}],"wp:term":[{"taxonomy":"category","embeddable":true,"href":"https:\/\/tejidohistorico.afrodescendientes.com\/index.php\/wp-json\/wp\/v2\/categories?post=4143"},{"taxonomy":"post_tag","embeddable":true,"href":"https:\/\/tejidohistorico.afrodescendientes.com\/index.php\/wp-json\/wp\/v2\/tags?post=4143"}],"curies":[{"name":"wp","href":"https:\/\/api.w.org\/{rel}","templated":true}]}}