{"id":420,"date":"2010-07-28T20:41:18","date_gmt":"2010-07-28T20:41:18","guid":{"rendered":"http:\/\/www2.nasaacin.org\/index.php\/2010\/07\/28\/encuentro-de-red-indios-online-en-brasil\/"},"modified":"2010-07-28T20:41:18","modified_gmt":"2010-07-28T20:41:18","slug":"encuentro-de-red-indios-online-en-brasil","status":"publish","type":"post","link":"https:\/\/tejidohistorico.afrodescendientes.com\/index.php\/2010\/07\/28\/encuentro-de-red-indios-online-en-brasil\/","title":{"rendered":"Encuentro de Red Indios Online en Brasil"},"content":{"rendered":"<p> Sebastian Gerlic, presidente de la ONG Thydewa, nos habla sobre el  encuentro de la Red Indios Online, que trabajan en Comunicaci\u00f3n con las  comunidades ind\u00edgenas de Brasil. Escuch\u00e9mos tu testimonio:<\/p>\n<p>  <!--more-->  <\/p>\n<p>\u00a0<\/p>\n<p>{mp3remote}http:\/\/www.nasaacin.org\/\/uploads\/9bfcb9b34b8952b88fdad1b6509bc504\/sebastian_gerlic___encuentro_indios_en_linea_.mp3{\/mp3remote}<\/p>\n","protected":false},"excerpt":{"rendered":"<p>Sebastian Gerlic, presidente de la ONG Thydewa, nos habla sobre el encuentro de la Red Indios Online, que trabajan en Comunicaci\u00f3n con las comunidades ind\u00edgenas de Brasil. Escuch\u00e9mos tu testimonio:<\/p>\n","protected":false},"author":1,"featured_media":0,"comment_status":"open","ping_status":"open","sticky":false,"template":"","format":"standard","meta":[],"categories":[47],"tags":[],"_links":{"self":[{"href":"https:\/\/tejidohistorico.afrodescendientes.com\/index.php\/wp-json\/wp\/v2\/posts\/420"}],"collection":[{"href":"https:\/\/tejidohistorico.afrodescendientes.com\/index.php\/wp-json\/wp\/v2\/posts"}],"about":[{"href":"https:\/\/tejidohistorico.afrodescendientes.com\/index.php\/wp-json\/wp\/v2\/types\/post"}],"author":[{"embeddable":true,"href":"https:\/\/tejidohistorico.afrodescendientes.com\/index.php\/wp-json\/wp\/v2\/users\/1"}],"replies":[{"embeddable":true,"href":"https:\/\/tejidohistorico.afrodescendientes.com\/index.php\/wp-json\/wp\/v2\/comments?post=420"}],"version-history":[{"count":0,"href":"https:\/\/tejidohistorico.afrodescendientes.com\/index.php\/wp-json\/wp\/v2\/posts\/420\/revisions"}],"wp:attachment":[{"href":"https:\/\/tejidohistorico.afrodescendientes.com\/index.php\/wp-json\/wp\/v2\/media?parent=420"}],"wp:term":[{"taxonomy":"category","embeddable":true,"href":"https:\/\/tejidohistorico.afrodescendientes.com\/index.php\/wp-json\/wp\/v2\/categories?post=420"},{"taxonomy":"post_tag","embeddable":true,"href":"https:\/\/tejidohistorico.afrodescendientes.com\/index.php\/wp-json\/wp\/v2\/tags?post=420"}],"curies":[{"name":"wp","href":"https:\/\/api.w.org\/{rel}","templated":true}]}}