{"id":4203,"date":"2012-07-19T22:39:58","date_gmt":"2012-07-19T22:39:58","guid":{"rendered":"http:\/\/www2.nasaacin.org\/index.php\/2012\/07\/19\/exercer-la-parole-et-laction-ceci-est-notre-chemin-vers-la-defense-de-la-terre-mere\/"},"modified":"2012-07-19T22:39:58","modified_gmt":"2012-07-19T22:39:58","slug":"exercer-la-parole-et-laction-ceci-est-notre-chemin-vers-la-defense-de-la-terre-mere","status":"publish","type":"post","link":"https:\/\/tejidohistorico.afrodescendientes.com\/index.php\/2012\/07\/19\/exercer-la-parole-et-laction-ceci-est-notre-chemin-vers-la-defense-de-la-terre-mere\/","title":{"rendered":"Exercer la parole et l&#8217;action, ceci est notre chemin vers la D\u00e9fense de la Terre M\u00e8re"},"content":{"rendered":"<p> \t\u00a0<\/p>\n<div> \tLa violence des acteurs arm\u00e9s et de la propagande m\u00e9diatique s&#8217;intensifie \u00e0 l&#8217;encontre de notre peuple et contre l&#8217;action autonome de notre Garde indig\u00e8ne. Hier l&#8217;arm\u00e9 a assassin\u00e9 de sang froid le villageois Fabian Cuetia \u00e0 Caldono et notre site web a \u00e9t\u00e9 bloqu\u00e9 pour \u00e9viter que le pays prenne connaissance de la v\u00e9rit\u00e9.\u00a0<\/div>\n<p>  <!--more-->  <\/p>\n<div> \t\u00a0<\/div>\n<div> \tDe nouveau la voix officielle du r\u00e9gime fait \u00e9cho aux infamies de la force publique. Ce matin la une de El Espectador disait : \u00ab L&#8217;arm\u00e9e dit que les indig\u00e8nes ont commis de nombreux d\u00e9lits dans le Cauca \u00bb, texte qui ne dit rien de plus que ce que l&#8217;on veut laisser croire. \u00ab Selon le colonel Piraquive, situ\u00e9 dans le hameau de El Rosario, Siberia, partie de la commune de Caldono, une sentinelle a interpell\u00e9 Fabian Cuetia, pour \u00e9viter une attaque de la colonne mobile Jacobo Arenas, mais apparemment cette personne n&#8217;a pas compris et ils ont ouvert le feu causant la mort du paysan. \u00bb Ce fait, qui est le v\u00e9ritable crime, passe inaper\u00e7u, tandis que la r\u00e9action autonome de la communaut\u00e9 exigeant justice contre les assassins, est convertie par l&#8217;arm\u00e9e et les m\u00e9dias de masse en s\u00e9questration, agression, et terrorisme.\u00a0<\/div>\n<div> \t\u00a0<\/div>\n<div> \tIls ont proc\u00e9d\u00e9 de la m\u00eame fa\u00e7on concernant les actions de retrait pacifique de la force publique, sur la colline El Berlin-Toribio. Les m\u00e9dias de masse ont fait la promotion de la haine et du racisme \u00e0 l&#8217;encontre de notre Garde Indig\u00e8ne en disant que nous sommes des sauvages et des terroristes. L&#8217;image du sergent qui pleure, humili\u00e9, a \u00e9mu ceux qui ignorent la r\u00e9alit\u00e9, refusant l&#8217;autonomie du peuple Nasa. Comment est-ce possible qu&#8217;on s&#8217;indigne quand nous bousculons et expulsons \u00a0l&#8217;arm\u00e9e de notre territoire et qu&#8217;on ne proteste pas quand ceux-ci assassinent, massacrent, violent et inondent de violence notre pays pour d\u00e9fendre le r\u00e9gime ? Nous, \u00e7a fait des si\u00e8cles que nous pleurons notre douleur et humiliation produite par la cupidit\u00e9 qui se r\u00e9pand sur nos territoires.\u00a0<\/div>\n<div> \t\u00a0<\/div>\n<div> \tA travers les m\u00e9dias de masse ils nous accusent de gu\u00e9rilleros et ils couvrent amplement l&#8217;expulsion de la force publique, mais ils diffusent tr\u00e8s peu nos actions pour forcer le retrait de la gu\u00e9rilla. S&#8217;il vous pla\u00eet cherchez l&#8217;information, car il y en a suffisamment, car nous avons \u00e9t\u00e9 coh\u00e9rents avec nos discours et nous somme en train d&#8217;expulser tous les acteurs arm\u00e9s de notre Maison (territoire). Nous sommes en lutte et nous continuerons de d\u00e9monter les barrages de la gu\u00e9rilla, comme nous l&#8217;avons fait la semaine derni\u00e8re \u00e0 El Tierrero.\u00a0<\/div>\n<div> \t\u00a0<\/div>\n<div> \tS&#8217;il vous pla\u00eet, Fr\u00e8res et S&oelig;urs coopt\u00e9s par la propagande m\u00e9diatique, ne vous rangez pas du c\u00f4t\u00e9 des extraits criminels des m\u00e9dias de masse. Visitez notre site web www.nasaacin.org et les autres m\u00e9dias alternatifs pour conna\u00eetre la r\u00e9alit\u00e9. Hier l&#8217;ont fait des milliers de personnes, qui sont venues lire, sentir et \u00e9couter notre parole. Voir en face la r\u00e9alit\u00e9, voir que ce que n&#8217;ont pas montr\u00e9 les m\u00e9dias de masse car ils sont au service de la guerre et leurs int\u00e9r\u00eats est de d\u00e9sinformer. C&#8217;est pour cela qu&#8217;ils sont all\u00e9s jusqu&#8217;\u00e0 bloquer et hacker notre page internet , pour que personne ne puisse se prononcer en faveur de la v\u00e9rit\u00e9.\u00a0<\/div>\n<div> \t\u00a0<\/div>\n<div> \tNos actions continuent de montrer au monde que les communaut\u00e9s font leur possible pour sortir l&#8217;arm\u00e9e de notre territoire, ainsi que la gu\u00e9rilla des FARC. Hier, \u00e0 Toribio, par exemple, nous avons d\u00e9tenu plusieurs gu\u00e9rilleros qui tentaient de lancer une bombe. Maintenant ils sont sous la responsabilit\u00e9 des autorit\u00e9s indig\u00e8nes qui ont une comp\u00e9tence constitutionnelle pour cela. Le gouverneur Marcos Yule a assur\u00e9 que les gu\u00e9rilleros captur\u00e9s seront soumis \u00e0 la justice indig\u00e8ne et que pour l&#8217;instant ils vont rester \u00e0 leur charge. A la question \u00ab pourquoi ne pas rendre les quatre hommes aux autorit\u00e9s \u00bb, le gouverneur Yule a affirm\u00e9 : \u00ab pourquoi s&#8217;ils ne sont m\u00eame pas capables de les capturer ? \u00bb. Cette nouvelle action autonome contre la guerre est une preuve de plus de la ferme d\u00e9cision de d\u00e9militariser notre territoire de tous les acteurs arm\u00e9s, d&#8217;o\u00f9 qu&#8217;ils viennent.\u00a0<\/div>\n<div> \t\u00a0<\/div>\n<div> \tLes seigneurs de la guerre ont besoins d&#8217;armes pour sentir qu&#8217;ils sont des hommes et se faire respecter par la force. Ils font \u00e9galement tout leur possible pour passer sous silence la voix de la v\u00e9rit\u00e9 et faire dispara\u00eetre les arguments. Notre garde indig\u00e8ne a gagn\u00e9 en l\u00e9gitimit\u00e9 et respect car elle est empreinte de conscience politique de transformation sociale pour la d\u00e9fense du territoire de mani\u00e8re autonome. Nous n&#8217;avons pas besoin de faire taire qui que se soit, seulement de diffuser notre parole de r\u00e9sistance civile pour la d\u00e9fense de la Terre M\u00e8re.\u00a0<\/div>\n<div> \t\u00a0<\/div>\n<div> \tFace \u00e0 notre sollicitude de d\u00e9militarisation afin de freiner le conflit arm\u00e9 dans le Cauca, la r\u00e9ponse continue d&#8217;\u00eatre l&#8217;intensification de la guerre. Aujourd&#8217;hui, l&#8217;ordre du gouvernement est de cr\u00e9er \u00ab le Commando d&#8217;ensemble du Sud-ouest form\u00e9 de 5 milles hommes de l&#8217;Arm\u00e9e, de la Force a\u00e9rienne et Arm\u00e9e. \u00bb. Selon eux ce commando est une mesure de contr\u00f4le de la crise de l&#8217;ordre publique dans le Cauca, mais la r\u00e9alit\u00e9 que nous pr\u00e9voyons est une attaque et l&#8217;intensification de la guerre contre notre peuple. D&#8217;autre part, la gu\u00e9rilla des FARC augmente aussi ses troupes sur notre territoire. Depuis plus d&#8217;une semaine ont commenc\u00e9 \u00e0 arriver de plus en plus de gu\u00e9rilleros, m\u00eame dans les zones o\u00f9 ils n&#8217;avaient jamais \u00e9t\u00e9. Selon la communaut\u00e9, qui les a vu dans les montagnes, ils n&#8217;utilisent m\u00eame pas les brassards et les bottes de caoutchouc qui les distinguent comme gu\u00e9rilleros. Ils commencent \u00e0 intensifier les barrages dans la zone en essayant de contr\u00f4ler les entr\u00e9es et sorties des voitures \u00e0 Toribio.\u00a0<\/div>\n<div> \t\u00a0<\/div>\n<div> \t\u00ab Je ne veux pas voir un seul indig\u00e8ne dans les bases militaires. C&#8217;est l&#8217;ordre depuis hier soir \u00bb a exprim\u00e9 Santos depuis son compte de twitter. Nous, nous lui disons que nous ne voulons plus voir une seule multinationale sur notre territoire ni aucun acteur arm\u00e9. La gu\u00e9rilla et les miliciens des FARC disent qu&#8217;ils d\u00e9fendent le peuple. Et avec leurs actions violentes ils ne servent pas de pr\u00e9texte \u00a0au r\u00e9gime pour massacrer le peuple ? D&#8217;eux aussi nous exigeons qu&#8217;ils respectent notre autonomie et nous laisse exercer le contr\u00f4le territorial dans notre Maison. Qu&#8217;ils ne recrutent plus nos enfants et nos jeunes pour la guerre. Qu&#8217;ils arr\u00eatent de nous tromper et de profiter des innocents. Les policiers et les soldats se justifient en disant qu&#8217;ils sont des h\u00e9ros et qu&#8217;ils d\u00e9fendent la patrie. Parce ce qu&#8217;ils savent peut-\u00eatre qui est la patrie et de qui ils d\u00e9fendent les int\u00e9r\u00eats avec leurs vies ?\u00a0<\/div>\n<div> \t\u00a0<\/div>\n<div> \tLe compagnon indig\u00e8ne Hugo Blanco, militant historique du P\u00e9rou, a \u00e9crit une lettre aux soldats qui ont \u00e9t\u00e9 envoy\u00e9s \u00e0 Cajamarca pour r\u00e9primer le peuple qui lutte contre une multinationale mini\u00e8re \u00e0 Celendin, o\u00f9 il explique ce qu&#8217;est la patrie. Nous assumons le sens de ce message du P\u00e9rou et nous nous l&#8217;approprions comme notre propre parole et nous disons aux groupes arm\u00e9s :\u00a0<\/div>\n<div> \t\u00a0<\/div>\n<div> \tFr\u00e8re policier, fr\u00e8re soldat, fr\u00e8re gu\u00e9rillero :\u00a0<\/div>\n<div> \t\u00a0<\/div>\n<div> \tLa Patrie \u00ab ce sont les vertes vall\u00e9es de Cajamarca, les montagnes de Colombie, les nevadas du Wallmapu.. Notre Mama Kiwe (Terre M\u00e8re), ce sont les paysans, les indig\u00e8nes, les noirs, les m\u00e9tisses n\u00e9s sur nos terres fertiles et qui travaillent sur elle, ce sont les vertes plantes sauvages et cultiv\u00e9es, ce sont les animaux sauvages et domestiques qui vivent de la nutritive v\u00e9g\u00e9tation. La Patrie ce sont aussi les enfants qui n\u00e9cessitent boire une eau propre, non pollu\u00e9e.\u00a0<\/div>\n<div> \tLa patrie ce sont les magnifiques lacs qui dorment sur les cimes de nos montagnes. La Patrie ce sont les plans d&#8217;eau et les marais qui alimentent par voies souterraines les jolis ruisseaux qui jaillissent \u00e0 diff\u00e9rentes altitudes offrant leur eaux aux enfants, aux femmes et aux hommes des riches vall\u00e9es. La Patrie ce sont les rivi\u00e8res limpides qui se nourrissent de l&#8217;eau propre offerte, par voie souterraine, par les plans d&#8217;eau et les marais d\u00e9j\u00e0 mentionn\u00e9s, sur les sommets. La Patrie ce sont les poissons qui vivent dans ces rivi\u00e8res. \u00bb<\/div>\n<div> \t\u00a0<\/div>\n<div> \tNous vous invitons \u00e0 vous d\u00e9faire de la violence et \u00e0 marcher avec le peuple colombien pour d\u00e9fendre notre patrie du mod\u00e8le \u00e9conomique d&#8217;agression globale qui utilise la guerre pour nous exproprier et nous utilise \u00e0 nous tous pour que nous nous autod\u00e9truisons.\u00a0<\/div>\n<div> \t\u00a0<\/div>\n<div> \tNous appelons \u00e0 r\u00e9sister en tant que civils et \u00e0 lutter pour une patrie qui est en train d&#8217;\u00eatre d\u00e9truite par l&#8217;ambition et la cupidit\u00e9 de quelques uns qui ne savent qu&#8217;accumuler du capital. Nous vous invitons \u00e0 vous unir \u00e0 la r\u00e9sistance de notre peuple Nasa qui lutte et se soul\u00e8ve dignement.\u00a0<\/div>\n<div> \t\u00a0<\/div>\n<div> \tNous convoquons tous les colombiens, les \u00e9tudiants, les professeurs, les syndicalistes, les organisations sociales et les processus populaires du pays et du monde, \u00e0 raviver leurs luttes avec la n\u00f4tre, en parole et en action. Souvenez-vous que les actions de notre communaut\u00e9s ne sont pas que pour nous, la lutte pour une vie digne et le respect de la Terre M\u00e8re profite \u00e0 toute la Colombie. Nous convoquons vos voix, vos pas, votre cr\u00e9ativit\u00e9 infinie, afin de, non seulement diffuser et partager nos initiatives, mais aussi r\u00e9aliser des actions dans les universit\u00e9s, dans les rues des villes et des villages de tout le pays, pour d\u00e9ployer toute votre capacit\u00e9 et votre volont\u00e9 pour r\u00e9percuter cette lutte qui n&#8217;est pas seulement pour le Cauca mais pour toutes et tous.\u00a0<\/div>\n<div> \t\u00a0<\/div>\n<div> \t<strong>Tissu de communication de l&#8217;Association de Cabildos Indig\u00e8nes du Nort du Cauca &#8211; ACIN<\/strong><\/div>\n<div> \tTraducci\u00f3n por <strong>Camille Apostolo<\/strong><\/div>\n","protected":false},"excerpt":{"rendered":"<p>\u00a0 La violence des acteurs arm\u00e9s et de la propagande m\u00e9diatique s&#8217;intensifie \u00e0 l&#8217;encontre de notre peuple et contre l&#8217;action autonome de notre Garde indig\u00e8ne. Hier l&#8217;arm\u00e9 a assassin\u00e9 de sang froid [&hellip;]<\/p>\n","protected":false},"author":1,"featured_media":0,"comment_status":"open","ping_status":"open","sticky":false,"template":"","format":"standard","meta":[],"categories":[61],"tags":[],"_links":{"self":[{"href":"https:\/\/tejidohistorico.afrodescendientes.com\/index.php\/wp-json\/wp\/v2\/posts\/4203"}],"collection":[{"href":"https:\/\/tejidohistorico.afrodescendientes.com\/index.php\/wp-json\/wp\/v2\/posts"}],"about":[{"href":"https:\/\/tejidohistorico.afrodescendientes.com\/index.php\/wp-json\/wp\/v2\/types\/post"}],"author":[{"embeddable":true,"href":"https:\/\/tejidohistorico.afrodescendientes.com\/index.php\/wp-json\/wp\/v2\/users\/1"}],"replies":[{"embeddable":true,"href":"https:\/\/tejidohistorico.afrodescendientes.com\/index.php\/wp-json\/wp\/v2\/comments?post=4203"}],"version-history":[{"count":0,"href":"https:\/\/tejidohistorico.afrodescendientes.com\/index.php\/wp-json\/wp\/v2\/posts\/4203\/revisions"}],"wp:attachment":[{"href":"https:\/\/tejidohistorico.afrodescendientes.com\/index.php\/wp-json\/wp\/v2\/media?parent=4203"}],"wp:term":[{"taxonomy":"category","embeddable":true,"href":"https:\/\/tejidohistorico.afrodescendientes.com\/index.php\/wp-json\/wp\/v2\/categories?post=4203"},{"taxonomy":"post_tag","embeddable":true,"href":"https:\/\/tejidohistorico.afrodescendientes.com\/index.php\/wp-json\/wp\/v2\/tags?post=4203"}],"curies":[{"name":"wp","href":"https:\/\/api.w.org\/{rel}","templated":true}]}}