{"id":4232,"date":"2012-07-23T14:54:35","date_gmt":"2012-07-23T14:54:35","guid":{"rendered":"http:\/\/www2.nasaacin.org\/index.php\/2012\/07\/23\/pronunciamiento-del-pueblo-embera-chami-de-antioquia-frente-a-las-acciones-de-reivindicacion-del-derecho-a-la-autonomia-territorial-indigena-de-los-hermanos-nasa-del-norte-del-cauca\/"},"modified":"2012-07-23T14:54:35","modified_gmt":"2012-07-23T14:54:35","slug":"pronunciamiento-del-pueblo-embera-chami-de-antioquia-frente-a-las-acciones-de-reivindicacion-del-derecho-a-la-autonomia-territorial-indigena-de-los-hermanos-nasa-del-norte-del-cauca","status":"publish","type":"post","link":"https:\/\/tejidohistorico.afrodescendientes.com\/index.php\/2012\/07\/23\/pronunciamiento-del-pueblo-embera-chami-de-antioquia-frente-a-las-acciones-de-reivindicacion-del-derecho-a-la-autonomia-territorial-indigena-de-los-hermanos-nasa-del-norte-del-cauca\/","title":{"rendered":"Pronunciamiento del Pueblo Embera Cham\u00ed de Antioquia, frente a las acciones de reivindicaci\u00f3n del derecho a la Autonom\u00eda Territorial ind\u00edgena de los hermanos Nasa del Norte del Cauca"},"content":{"rendered":"<p> \tLas autoridades, gobiernos, mujeres, j\u00f3venes y sabios ind\u00edgenas del Pueblo Embera Cham\u00ed de Antioquia, reunidos en su congreso ordinario en el resguardo Marcelino Tasc\u00f3n, municipio de Valpara\u00edso, departamento de Antioquia, los d\u00edas 19 al 21 de julio del presente; comunica a la opini\u00f3n p\u00fablica nacional internacional lo siguiente:<\/p>\n","protected":false},"excerpt":{"rendered":"<p>Las autoridades, gobiernos, mujeres, j\u00f3venes y sabios ind\u00edgenas del Pueblo Embera Cham\u00ed de Antioquia, reunidos en su congreso ordinario en el resguardo Marcelino Tasc\u00f3n, municipio de Valpara\u00edso, departamento de Antioquia, los d\u00edas [&hellip;]<\/p>\n","protected":false},"author":2,"featured_media":0,"comment_status":"open","ping_status":"open","sticky":false,"template":"","format":"standard","meta":[],"categories":[61],"tags":[],"_links":{"self":[{"href":"https:\/\/tejidohistorico.afrodescendientes.com\/index.php\/wp-json\/wp\/v2\/posts\/4232"}],"collection":[{"href":"https:\/\/tejidohistorico.afrodescendientes.com\/index.php\/wp-json\/wp\/v2\/posts"}],"about":[{"href":"https:\/\/tejidohistorico.afrodescendientes.com\/index.php\/wp-json\/wp\/v2\/types\/post"}],"author":[{"embeddable":true,"href":"https:\/\/tejidohistorico.afrodescendientes.com\/index.php\/wp-json\/wp\/v2\/users\/2"}],"replies":[{"embeddable":true,"href":"https:\/\/tejidohistorico.afrodescendientes.com\/index.php\/wp-json\/wp\/v2\/comments?post=4232"}],"version-history":[{"count":0,"href":"https:\/\/tejidohistorico.afrodescendientes.com\/index.php\/wp-json\/wp\/v2\/posts\/4232\/revisions"}],"wp:attachment":[{"href":"https:\/\/tejidohistorico.afrodescendientes.com\/index.php\/wp-json\/wp\/v2\/media?parent=4232"}],"wp:term":[{"taxonomy":"category","embeddable":true,"href":"https:\/\/tejidohistorico.afrodescendientes.com\/index.php\/wp-json\/wp\/v2\/categories?post=4232"},{"taxonomy":"post_tag","embeddable":true,"href":"https:\/\/tejidohistorico.afrodescendientes.com\/index.php\/wp-json\/wp\/v2\/tags?post=4232"}],"curies":[{"name":"wp","href":"https:\/\/api.w.org\/{rel}","templated":true}]}}