{"id":425,"date":"2010-08-04T20:56:19","date_gmt":"2010-08-04T20:56:19","guid":{"rendered":"http:\/\/www2.nasaacin.org\/index.php\/2010\/08\/04\/comunidades-indigenas-victimas-de-esta-guerra-sin-sentido\/"},"modified":"2010-08-04T20:56:19","modified_gmt":"2010-08-04T20:56:19","slug":"comunidades-indigenas-victimas-de-esta-guerra-sin-sentido","status":"publish","type":"post","link":"https:\/\/tejidohistorico.afrodescendientes.com\/index.php\/2010\/08\/04\/comunidades-indigenas-victimas-de-esta-guerra-sin-sentido\/","title":{"rendered":"Comunidades ind\u00edgenas v\u00edctimas de esta guerra sin sentido"},"content":{"rendered":"<p>Despu\u00e9s de la confrontaciones armadas entre Ejercito Nacional y La  guerrilla de la FARC, el pasado 1 de Mayo\u00a0 en la Vereda Los Chorros,\u00a0  Resguardo de Huellas Caloto, que\u00a0 ocasiono la muerte del comunero Jaime  Hilamo Escue.\u00a0 La Guardia Ind\u00edgena y la comunidad realizo un recorrido  para verificar las afectaciones dentro del Territorio.<\/p>\n<p>{mp3remote}http:\/\/www.nasaacin.org\/apc-aa-files\/9bfcb9b34b8952b88fdad1b6509bc504\/rafael_coicue___4_abril_2010.mp3{\/mp3remote}<\/p>\n","protected":false},"excerpt":{"rendered":"<p>Despu\u00e9s de la confrontaciones armadas entre Ejercito Nacional y La guerrilla de la FARC, el pasado 1 de Mayo\u00a0 en la Vereda Los Chorros,\u00a0 Resguardo de Huellas Caloto, que\u00a0 ocasiono la muerte [&hellip;]<\/p>\n","protected":false},"author":1,"featured_media":0,"comment_status":"open","ping_status":"open","sticky":false,"template":"","format":"standard","meta":[],"categories":[47],"tags":[],"_links":{"self":[{"href":"https:\/\/tejidohistorico.afrodescendientes.com\/index.php\/wp-json\/wp\/v2\/posts\/425"}],"collection":[{"href":"https:\/\/tejidohistorico.afrodescendientes.com\/index.php\/wp-json\/wp\/v2\/posts"}],"about":[{"href":"https:\/\/tejidohistorico.afrodescendientes.com\/index.php\/wp-json\/wp\/v2\/types\/post"}],"author":[{"embeddable":true,"href":"https:\/\/tejidohistorico.afrodescendientes.com\/index.php\/wp-json\/wp\/v2\/users\/1"}],"replies":[{"embeddable":true,"href":"https:\/\/tejidohistorico.afrodescendientes.com\/index.php\/wp-json\/wp\/v2\/comments?post=425"}],"version-history":[{"count":0,"href":"https:\/\/tejidohistorico.afrodescendientes.com\/index.php\/wp-json\/wp\/v2\/posts\/425\/revisions"}],"wp:attachment":[{"href":"https:\/\/tejidohistorico.afrodescendientes.com\/index.php\/wp-json\/wp\/v2\/media?parent=425"}],"wp:term":[{"taxonomy":"category","embeddable":true,"href":"https:\/\/tejidohistorico.afrodescendientes.com\/index.php\/wp-json\/wp\/v2\/categories?post=425"},{"taxonomy":"post_tag","embeddable":true,"href":"https:\/\/tejidohistorico.afrodescendientes.com\/index.php\/wp-json\/wp\/v2\/tags?post=425"}],"curies":[{"name":"wp","href":"https:\/\/api.w.org\/{rel}","templated":true}]}}