{"id":426,"date":"2010-08-04T21:03:51","date_gmt":"2010-08-04T21:03:51","guid":{"rendered":"http:\/\/www2.nasaacin.org\/index.php\/2010\/08\/04\/guardia-indigena-victima-del-conflicto-armado\/"},"modified":"2010-08-04T21:03:51","modified_gmt":"2010-08-04T21:03:51","slug":"guardia-indigena-victima-del-conflicto-armado","status":"publish","type":"post","link":"https:\/\/tejidohistorico.afrodescendientes.com\/index.php\/2010\/08\/04\/guardia-indigena-victima-del-conflicto-armado\/","title":{"rendered":"Guardia Ind\u00edgena v\u00edctima del conflicto armado"},"content":{"rendered":"<p style=\"text-align: justify;\">Desde las 8 am del d\u00eda 6 de mayo del presente a\u00f1o, se iniciaron nuevamente los\u00a0 enfrentamientos armados entre la guerrilla y el ej\u00e9rcito en el Resguardo de Tacuey\u00f2, Municipio de Toribio norte del Cauca, en estos hechos result\u00f3 asesinada la Guardia Ind\u00edgena Patricia Noscue de 19 a\u00f1os de edad y resultaron heridas nueve personas m\u00e1s, entre  ellos dos ni\u00f1os por minas antipersonales y el se\u00f1or Orlando Gualiche conductor de una chiva quien  transportaba estudiantes del colegio Quint\u00edn Lame de esta localidad.<\/p>\n<p style=\"text-align: justify;\">{mp3remote}http:\/\/www.nasaacin.org\/apc-aa-files\/9bfcb9b34b8952b88fdad1b6509bc504\/Miller_correa___6_mayo_2010.mp3{\/mp3remote}<\/p>\n","protected":false},"excerpt":{"rendered":"<p>Desde las 8 am del d\u00eda 6 de mayo del presente a\u00f1o, se iniciaron nuevamente los\u00a0 enfrentamientos armados entre la guerrilla y el ej\u00e9rcito en el Resguardo de Tacuey\u00f2, Municipio de Toribio [&hellip;]<\/p>\n","protected":false},"author":1,"featured_media":0,"comment_status":"open","ping_status":"open","sticky":false,"template":"","format":"standard","meta":[],"categories":[47],"tags":[],"_links":{"self":[{"href":"https:\/\/tejidohistorico.afrodescendientes.com\/index.php\/wp-json\/wp\/v2\/posts\/426"}],"collection":[{"href":"https:\/\/tejidohistorico.afrodescendientes.com\/index.php\/wp-json\/wp\/v2\/posts"}],"about":[{"href":"https:\/\/tejidohistorico.afrodescendientes.com\/index.php\/wp-json\/wp\/v2\/types\/post"}],"author":[{"embeddable":true,"href":"https:\/\/tejidohistorico.afrodescendientes.com\/index.php\/wp-json\/wp\/v2\/users\/1"}],"replies":[{"embeddable":true,"href":"https:\/\/tejidohistorico.afrodescendientes.com\/index.php\/wp-json\/wp\/v2\/comments?post=426"}],"version-history":[{"count":0,"href":"https:\/\/tejidohistorico.afrodescendientes.com\/index.php\/wp-json\/wp\/v2\/posts\/426\/revisions"}],"wp:attachment":[{"href":"https:\/\/tejidohistorico.afrodescendientes.com\/index.php\/wp-json\/wp\/v2\/media?parent=426"}],"wp:term":[{"taxonomy":"category","embeddable":true,"href":"https:\/\/tejidohistorico.afrodescendientes.com\/index.php\/wp-json\/wp\/v2\/categories?post=426"},{"taxonomy":"post_tag","embeddable":true,"href":"https:\/\/tejidohistorico.afrodescendientes.com\/index.php\/wp-json\/wp\/v2\/tags?post=426"}],"curies":[{"name":"wp","href":"https:\/\/api.w.org\/{rel}","templated":true}]}}