{"id":43,"date":"2010-05-30T04:17:13","date_gmt":"2010-05-30T04:17:13","guid":{"rendered":"http:\/\/www2.nasaacin.org\/index.php\/2010\/05\/30\/comunicacion-alternativa\/"},"modified":"2010-05-30T04:17:13","modified_gmt":"2010-05-30T04:17:13","slug":"comunicacion-alternativa","status":"publish","type":"post","link":"https:\/\/tejidohistorico.afrodescendientes.com\/index.php\/2010\/05\/30\/comunicacion-alternativa\/","title":{"rendered":"Colectivo de Comunicaci\u00f3n en Andar\u00edn"},"content":{"rendered":"<p><strong><strong><strong><strong><strong><a href=\"http:\/\/kolectivoelandarin.blogspot.com\/\"><\/a><strong><a href=\"http:\/\/kolectivoelandarin.blogspot.com\/\"><\/a>En El Andar\u00edn seguimos caminando y recorriendo nuevos rumbos. Esta vez  hemos querido hacer una traves\u00eda por el mundo de los Derechos Humanos,  por eso, usted podr\u00e1 encontrar en esta tercera edici\u00f3n algunos art\u00edculos  que intentan de una u otra forma reflejar esta tem\u00e1tica.  <br \/> <a href=\"http:\/\/kolectivoelandarin.blogspot.com\/\">Ir a la p\u00e1gina web&#8230;<\/a><\/strong><\/strong><\/strong><\/strong><\/strong><\/strong><\/p>\n","protected":false},"excerpt":{"rendered":"<p>En El Andar\u00edn seguimos caminando y recorriendo nuevos rumbos. Esta vez hemos querido hacer una traves\u00eda por el mundo de los Derechos Humanos, por eso, usted podr\u00e1 encontrar en esta tercera edici\u00f3n [&hellip;]<\/p>\n","protected":false},"author":1,"featured_media":0,"comment_status":"open","ping_status":"open","sticky":false,"template":"","format":"standard","meta":[],"categories":[58],"tags":[],"_links":{"self":[{"href":"https:\/\/tejidohistorico.afrodescendientes.com\/index.php\/wp-json\/wp\/v2\/posts\/43"}],"collection":[{"href":"https:\/\/tejidohistorico.afrodescendientes.com\/index.php\/wp-json\/wp\/v2\/posts"}],"about":[{"href":"https:\/\/tejidohistorico.afrodescendientes.com\/index.php\/wp-json\/wp\/v2\/types\/post"}],"author":[{"embeddable":true,"href":"https:\/\/tejidohistorico.afrodescendientes.com\/index.php\/wp-json\/wp\/v2\/users\/1"}],"replies":[{"embeddable":true,"href":"https:\/\/tejidohistorico.afrodescendientes.com\/index.php\/wp-json\/wp\/v2\/comments?post=43"}],"version-history":[{"count":0,"href":"https:\/\/tejidohistorico.afrodescendientes.com\/index.php\/wp-json\/wp\/v2\/posts\/43\/revisions"}],"wp:attachment":[{"href":"https:\/\/tejidohistorico.afrodescendientes.com\/index.php\/wp-json\/wp\/v2\/media?parent=43"}],"wp:term":[{"taxonomy":"category","embeddable":true,"href":"https:\/\/tejidohistorico.afrodescendientes.com\/index.php\/wp-json\/wp\/v2\/categories?post=43"},{"taxonomy":"post_tag","embeddable":true,"href":"https:\/\/tejidohistorico.afrodescendientes.com\/index.php\/wp-json\/wp\/v2\/tags?post=43"}],"curies":[{"name":"wp","href":"https:\/\/api.w.org\/{rel}","templated":true}]}}