{"id":4307,"date":"2012-08-01T13:21:42","date_gmt":"2012-08-01T13:21:42","guid":{"rendered":"http:\/\/www2.nasaacin.org\/index.php\/2012\/08\/01\/valle-del-cauca-gran-foro-sobre-la-reforma-a-la-justicia\/"},"modified":"2012-08-01T13:21:42","modified_gmt":"2012-08-01T13:21:42","slug":"valle-del-cauca-gran-foro-sobre-la-reforma-a-la-justicia","status":"publish","type":"post","link":"https:\/\/tejidohistorico.afrodescendientes.com\/index.php\/2012\/08\/01\/valle-del-cauca-gran-foro-sobre-la-reforma-a-la-justicia\/","title":{"rendered":"Valle del Cauca: Gran foro sobre la reforma a la justicia"},"content":{"rendered":"<p> \tFecha: 2 de agosto de 2012. Lugar Hotel Mudejar. Hora 5pm.\u00a0Esperamos contar con su participaci\u00f3n y aportes para impedir que se concentre el poder y se fortalezca la burocracia en Colombia, debemos trabajar unidos por la reforma que verdaderamente necesita el pa\u00eds. Comit\u00e9 ejecutivo CUT Valle.<\/p>\n<p>  <!--more-->  <\/p>\n<p> \t\u00a0<\/p>\n<p> \t<strong>GRAN FORO SOBRE LA REFORMA A LA JUSTICIA<\/strong><\/p>\n<p> \tEl gobierno nacional en cabeza del Congreso de la Rep\u00fablica recientemente aprob\u00f3 una nefasta reforma a la justicia mediante un Acto Legislativo que pas\u00f3 a sanci\u00f3n presidencial desde donde fue regresada por decisi\u00f3n del presidente Santos quien reconoci\u00f3 parcialmente la gravedad de su contenido, igualmente solicit\u00f3 que se convocara a sesiones extraordinarias del Congreso de la Rep\u00fablica para que aprobara su archivo, cuesti\u00f3n que es anticonstitucional puesto que una reforma de orden constitucional no puede ser discutida en secciones extraordinarias, pese a esto el congreso lo hizo.<\/p>\n<p> \tDada la ilegalidad de este procedimiento, dicho Acto Legislativo en cualquier momento puede entrar en vigencia, basta con que sea publicado en el diario oficial, en ese sentido la Central Unitaria de Trabajadores CUT sub directiva Valle del Cauca, invita a sus sindicatos filiales, organizaciones hermanas y la poblaci\u00f3n en general a participar del Foro sobre la Reforma a la Justicia a realizarse en Cali y que contar\u00e1 con la presencia de los congresistas del Polo Democr\u00e1tico WILSON ARIAS e IVAN CEPEDA y el dirigente de Asonal Judicial JOSE FREDY RESTREPO. FECHA: 2 DE AGOSTO DE 2012 LUGAR: HOTEL MUDEJAR HORA: 5:00 P.M. Esperamos contar con su participaci\u00f3n y aportes para impedir que se concentre el poder y se fortalezca la burocracia en Colombia, debemos trabajar unidos por la reforma que verdaderamente necesita el pa\u00eds.<\/p>\n<p> \t<strong>COMIT\u00c9 EJECUTIVO CUT VALLE<\/strong><\/p>\n<p> \t<strong>(Firmado original) ALVARO JOSE VEGA CAICEDO Presidente<\/strong><\/p>\n","protected":false},"excerpt":{"rendered":"<p>Fecha: 2 de agosto de 2012. Lugar Hotel Mudejar. Hora 5pm.\u00a0Esperamos contar con su participaci\u00f3n y aportes para impedir que se concentre el poder y se fortalezca la burocracia en Colombia, debemos [&hellip;]<\/p>\n","protected":false},"author":2,"featured_media":0,"comment_status":"open","ping_status":"open","sticky":false,"template":"","format":"standard","meta":[],"categories":[61],"tags":[],"_links":{"self":[{"href":"https:\/\/tejidohistorico.afrodescendientes.com\/index.php\/wp-json\/wp\/v2\/posts\/4307"}],"collection":[{"href":"https:\/\/tejidohistorico.afrodescendientes.com\/index.php\/wp-json\/wp\/v2\/posts"}],"about":[{"href":"https:\/\/tejidohistorico.afrodescendientes.com\/index.php\/wp-json\/wp\/v2\/types\/post"}],"author":[{"embeddable":true,"href":"https:\/\/tejidohistorico.afrodescendientes.com\/index.php\/wp-json\/wp\/v2\/users\/2"}],"replies":[{"embeddable":true,"href":"https:\/\/tejidohistorico.afrodescendientes.com\/index.php\/wp-json\/wp\/v2\/comments?post=4307"}],"version-history":[{"count":0,"href":"https:\/\/tejidohistorico.afrodescendientes.com\/index.php\/wp-json\/wp\/v2\/posts\/4307\/revisions"}],"wp:attachment":[{"href":"https:\/\/tejidohistorico.afrodescendientes.com\/index.php\/wp-json\/wp\/v2\/media?parent=4307"}],"wp:term":[{"taxonomy":"category","embeddable":true,"href":"https:\/\/tejidohistorico.afrodescendientes.com\/index.php\/wp-json\/wp\/v2\/categories?post=4307"},{"taxonomy":"post_tag","embeddable":true,"href":"https:\/\/tejidohistorico.afrodescendientes.com\/index.php\/wp-json\/wp\/v2\/tags?post=4307"}],"curies":[{"name":"wp","href":"https:\/\/api.w.org\/{rel}","templated":true}]}}