{"id":4321,"date":"2012-08-02T21:04:25","date_gmt":"2012-08-02T21:04:25","guid":{"rendered":"http:\/\/www2.nasaacin.org\/index.php\/2012\/08\/02\/la-violencia-contra-las-mujeres-contiua-en-el-macizo-colombiano\/"},"modified":"2012-08-02T21:04:25","modified_gmt":"2012-08-02T21:04:25","slug":"la-violencia-contra-las-mujeres-contiua-en-el-macizo-colombiano","status":"publish","type":"post","link":"https:\/\/tejidohistorico.afrodescendientes.com\/index.php\/2012\/08\/02\/la-violencia-contra-las-mujeres-contiua-en-el-macizo-colombiano\/","title":{"rendered":"La violencia contra las mujeres conti\u00faa en el macizo colombiano"},"content":{"rendered":"<p> \tEl comit\u00e9 de integraci\u00f3n del Macizo colombiano &#8211; CIMA y la fundaci\u00f3n Estrella Orogr\u00e1fica del Macizo Fundecima, denuncia ante organismos regionales, nacionales e internacionales defensores de Derechos Humanos, la fiscalia regional, la Defensor\u00eda del Pueblo y organizaciones sociales, el vil asesinato cometido contra la se\u00f1ora LUZ ENEIDA G\u00d3MEZ de 35 a\u00f1os de edad, esposa del compa\u00f1ero y l\u00edder comunitario OSCAR DIAZ, miembro de nuestra organizaci\u00f3n, comerciante de caf\u00e9, adcrito al comit\u00e9 de Cafeteros del Cauca del Municipio de La Sierra.<\/p>\n","protected":false},"excerpt":{"rendered":"<p>El comit\u00e9 de integraci\u00f3n del Macizo colombiano &#8211; CIMA y la fundaci\u00f3n Estrella Orogr\u00e1fica del Macizo Fundecima, denuncia ante organismos regionales, nacionales e internacionales defensores de Derechos Humanos, la fiscalia regional, la [&hellip;]<\/p>\n","protected":false},"author":2,"featured_media":0,"comment_status":"open","ping_status":"open","sticky":false,"template":"","format":"standard","meta":[],"categories":[61],"tags":[],"_links":{"self":[{"href":"https:\/\/tejidohistorico.afrodescendientes.com\/index.php\/wp-json\/wp\/v2\/posts\/4321"}],"collection":[{"href":"https:\/\/tejidohistorico.afrodescendientes.com\/index.php\/wp-json\/wp\/v2\/posts"}],"about":[{"href":"https:\/\/tejidohistorico.afrodescendientes.com\/index.php\/wp-json\/wp\/v2\/types\/post"}],"author":[{"embeddable":true,"href":"https:\/\/tejidohistorico.afrodescendientes.com\/index.php\/wp-json\/wp\/v2\/users\/2"}],"replies":[{"embeddable":true,"href":"https:\/\/tejidohistorico.afrodescendientes.com\/index.php\/wp-json\/wp\/v2\/comments?post=4321"}],"version-history":[{"count":0,"href":"https:\/\/tejidohistorico.afrodescendientes.com\/index.php\/wp-json\/wp\/v2\/posts\/4321\/revisions"}],"wp:attachment":[{"href":"https:\/\/tejidohistorico.afrodescendientes.com\/index.php\/wp-json\/wp\/v2\/media?parent=4321"}],"wp:term":[{"taxonomy":"category","embeddable":true,"href":"https:\/\/tejidohistorico.afrodescendientes.com\/index.php\/wp-json\/wp\/v2\/categories?post=4321"},{"taxonomy":"post_tag","embeddable":true,"href":"https:\/\/tejidohistorico.afrodescendientes.com\/index.php\/wp-json\/wp\/v2\/tags?post=4321"}],"curies":[{"name":"wp","href":"https:\/\/api.w.org\/{rel}","templated":true}]}}