{"id":4334,"date":"2012-08-06T12:13:11","date_gmt":"2012-08-06T12:13:11","guid":{"rendered":"http:\/\/www2.nasaacin.org\/index.php\/2012\/08\/06\/el-auto-de-la-corte-constitucional-que-no-leyeron-los-periodistas\/"},"modified":"2012-08-06T12:13:11","modified_gmt":"2012-08-06T12:13:11","slug":"el-auto-de-la-corte-constitucional-que-no-leyeron-los-periodistas","status":"publish","type":"post","link":"https:\/\/tejidohistorico.afrodescendientes.com\/index.php\/2012\/08\/06\/el-auto-de-la-corte-constitucional-que-no-leyeron-los-periodistas\/","title":{"rendered":"El auto de la corte constitucional que no leyeron los periodistas"},"content":{"rendered":"<p> \tVarios titulares(<strong>1<\/strong>) en medios de prensa, radio y televisi\u00f3n, en los que\u00a0se dec\u00eda que la Corte Constitucional (CC) ordenaba al ej\u00e9rcito salir de\u00a0un resguardo ind\u00edgena en el sur del pa\u00eds, generaron revuelo pol\u00edtico\u00a0en altas esferas del gobierno de Santos. Nuevamente, y con poco\u00a0tiempo de diferencia, el ministro de la Defensa, Juan Carlos Pinz\u00f3n\u00a0debe enfrentar un conflicto con los pueblos ind\u00edgenas, esta vez no por\u00a0consideraciones relacionadas con el reconocimiento de la autonom\u00eda\u00a0territorial, sino por motivos humanitarios, ante los inminentes riesgos\u00a0a los que se enfrentan comunidades ind\u00edgenas para asegurar su\u00a0supervivencia.<\/p>\n","protected":false},"excerpt":{"rendered":"<p>Varios titulares(1) en medios de prensa, radio y televisi\u00f3n, en los que\u00a0se dec\u00eda que la Corte Constitucional (CC) ordenaba al ej\u00e9rcito salir de\u00a0un resguardo ind\u00edgena en el sur del pa\u00eds, generaron revuelo [&hellip;]<\/p>\n","protected":false},"author":2,"featured_media":0,"comment_status":"open","ping_status":"open","sticky":false,"template":"","format":"standard","meta":[],"categories":[61],"tags":[],"_links":{"self":[{"href":"https:\/\/tejidohistorico.afrodescendientes.com\/index.php\/wp-json\/wp\/v2\/posts\/4334"}],"collection":[{"href":"https:\/\/tejidohistorico.afrodescendientes.com\/index.php\/wp-json\/wp\/v2\/posts"}],"about":[{"href":"https:\/\/tejidohistorico.afrodescendientes.com\/index.php\/wp-json\/wp\/v2\/types\/post"}],"author":[{"embeddable":true,"href":"https:\/\/tejidohistorico.afrodescendientes.com\/index.php\/wp-json\/wp\/v2\/users\/2"}],"replies":[{"embeddable":true,"href":"https:\/\/tejidohistorico.afrodescendientes.com\/index.php\/wp-json\/wp\/v2\/comments?post=4334"}],"version-history":[{"count":0,"href":"https:\/\/tejidohistorico.afrodescendientes.com\/index.php\/wp-json\/wp\/v2\/posts\/4334\/revisions"}],"wp:attachment":[{"href":"https:\/\/tejidohistorico.afrodescendientes.com\/index.php\/wp-json\/wp\/v2\/media?parent=4334"}],"wp:term":[{"taxonomy":"category","embeddable":true,"href":"https:\/\/tejidohistorico.afrodescendientes.com\/index.php\/wp-json\/wp\/v2\/categories?post=4334"},{"taxonomy":"post_tag","embeddable":true,"href":"https:\/\/tejidohistorico.afrodescendientes.com\/index.php\/wp-json\/wp\/v2\/tags?post=4334"}],"curies":[{"name":"wp","href":"https:\/\/api.w.org\/{rel}","templated":true}]}}