{"id":4341,"date":"2012-08-06T18:13:00","date_gmt":"2012-08-06T18:13:00","guid":{"rendered":"http:\/\/www2.nasaacin.org\/index.php\/2012\/08\/06\/declaracion-de-apoyo-al-dr-beltran-villegas\/"},"modified":"2012-08-06T18:13:00","modified_gmt":"2012-08-06T18:13:00","slug":"declaracion-de-apoyo-al-dr-beltran-villegas","status":"publish","type":"post","link":"https:\/\/tejidohistorico.afrodescendientes.com\/index.php\/2012\/08\/06\/declaracion-de-apoyo-al-dr-beltran-villegas\/","title":{"rendered":"Declaraci\u00f3n de apoyo al dr. Beltr\u00e1n Villegas"},"content":{"rendered":"<p> \tLa Asociaci\u00f3n Canadiense de Profesores Universitarios, que representa m\u00e1s de 68,000 profesores y personal de universidades y colegios en Canad\u00e1, est\u00e1 profundamente preocupada por la seguridad y bienestar del Dr. Miguel \u00c1ngel Beltr\u00e1n.<\/p>\n","protected":false},"excerpt":{"rendered":"<p>La Asociaci\u00f3n Canadiense de Profesores Universitarios, que representa m\u00e1s de 68,000 profesores y personal de universidades y colegios en Canad\u00e1, est\u00e1 profundamente preocupada por la seguridad y bienestar del Dr. Miguel \u00c1ngel [&hellip;]<\/p>\n","protected":false},"author":2,"featured_media":0,"comment_status":"open","ping_status":"open","sticky":false,"template":"","format":"standard","meta":[],"categories":[61],"tags":[],"_links":{"self":[{"href":"https:\/\/tejidohistorico.afrodescendientes.com\/index.php\/wp-json\/wp\/v2\/posts\/4341"}],"collection":[{"href":"https:\/\/tejidohistorico.afrodescendientes.com\/index.php\/wp-json\/wp\/v2\/posts"}],"about":[{"href":"https:\/\/tejidohistorico.afrodescendientes.com\/index.php\/wp-json\/wp\/v2\/types\/post"}],"author":[{"embeddable":true,"href":"https:\/\/tejidohistorico.afrodescendientes.com\/index.php\/wp-json\/wp\/v2\/users\/2"}],"replies":[{"embeddable":true,"href":"https:\/\/tejidohistorico.afrodescendientes.com\/index.php\/wp-json\/wp\/v2\/comments?post=4341"}],"version-history":[{"count":0,"href":"https:\/\/tejidohistorico.afrodescendientes.com\/index.php\/wp-json\/wp\/v2\/posts\/4341\/revisions"}],"wp:attachment":[{"href":"https:\/\/tejidohistorico.afrodescendientes.com\/index.php\/wp-json\/wp\/v2\/media?parent=4341"}],"wp:term":[{"taxonomy":"category","embeddable":true,"href":"https:\/\/tejidohistorico.afrodescendientes.com\/index.php\/wp-json\/wp\/v2\/categories?post=4341"},{"taxonomy":"post_tag","embeddable":true,"href":"https:\/\/tejidohistorico.afrodescendientes.com\/index.php\/wp-json\/wp\/v2\/tags?post=4341"}],"curies":[{"name":"wp","href":"https:\/\/api.w.org\/{rel}","templated":true}]}}