{"id":4357,"date":"2012-08-13T12:29:34","date_gmt":"2012-08-13T12:29:34","guid":{"rendered":"http:\/\/www2.nasaacin.org\/index.php\/2012\/08\/13\/ricaurte-narino-derrame-de-crudo-en-el-rio-guisa\/"},"modified":"2012-08-13T12:29:34","modified_gmt":"2012-08-13T12:29:34","slug":"ricaurte-narino-derrame-de-crudo-en-el-rio-guisa","status":"publish","type":"post","link":"https:\/\/tejidohistorico.afrodescendientes.com\/index.php\/2012\/08\/13\/ricaurte-narino-derrame-de-crudo-en-el-rio-guisa\/","title":{"rendered":"Ricaurte &#8211; Nari\u00f1o: Derrame de crudo en el R\u00edo Guisa"},"content":{"rendered":"<\/p>\n<div> \tComunicaci\u00f3n a la opini\u00f3n p\u00fablica.\u00a0El Cabildo Mayor Awa de Ricaurte Nari\u00f1o CAMAWARI informa que en la madrugada del 9 de Agosto de 2012, se registraron combates en nuestro territorio y como resultado hubo un derrame de crudo del oleoducto Trasandino sobre el Rio Guisa.<\/div>\n<p>  <!--more-->  <\/p>\n<div> \t\u00a0<\/div>\n<div> \tLos da\u00f1os causados no son solo medioambientales, que de por s\u00ed sola causan dolor a toda nuestra comunidad, sino tambi\u00e9n afectan nuestra espiritualidad, soberan\u00eda alimentaria y sobre todo la armon\u00eda de nuestro buen vivir como pueblo milenario, ya que estos irreparables y repetidos hechos atentan contra la pervivencia del pueblo AWA.<\/div>\n<div> \t\u00a0<\/div>\n<p> \t<img alt=\"alt\" src=\"http:\/\/www.nasaacin.org\/images\/stories\/camawari5.jpg\" style=\"float: left; margin: 5px; \" \/><\/p>\n<div> \tExigimos que las entidades y autoridades competentes asuman su responsabilidad sobre lo ocurrido y se d\u00e9 cumplimiento a los acuerdos realizados en la audiencia p\u00fablica ambiental realizada en julio del 2012 en la ciudad de Pasto.<\/div>\n<div> \t\u00a0<\/div>\n<div> \tReiteramos un llamado a todos las instituciones p\u00fablicas que est\u00e1n relacionados con la protecci\u00f3n del medioambiente, a tomar cartas en el asunto para tratar de solventar y garantizar la no repetici\u00f3n de dichos actos y sucesos que han repercutido negativamente en nuestra calidad de vida.<\/div>\n<div> \t\u00a0<\/div>\n<div> \tAnte los hechos ocurridos, solicitamos y exigimos:<\/div>\n<div> \t\u00a0<\/div>\n<div> \tAl estado colombiano, en cabeza del Gobierno Nacional y todas sus instituciones delegadas y competentes, a nivel Departamental y Municipal, protejan la vida y dignidad del pueblo AWA y cumplan lo establecido en el Auto 004 de 2009, Auto 174 del 2011 dictados por la Honorable Corte Constitucional.<\/div>\n<div> \t\u00a0<\/div>\n<div> \tAl Ministerio Publico, en cabeza de la Defensor\u00eda del Pueblo dentro de sus competencias realice seguimiento permanente a esta situaci\u00f3n de da\u00f1o ambiental.<\/div>\n<div> \t\u00a0<\/div>\n<div> \tA la comunidad internacional realice acompa\u00f1amiento a las Organizaciones del Pueblo Aw\u00e1 e inste al Gobierno Colombiano para que se cumpla lo estipulado en la Constituci\u00f3n Pol\u00edtica, los convenios y tratados internacionales ratificados por colombia, para el goce efectivo de los derechos de los pueblos ind\u00edgenas.<\/div>\n<div> \t\u00a0<\/div>\n<div> \tA los actores armados, tomen conciencia de sus actos y acciones, que generan da\u00f1os irreversibles en la naturaleza y biodiversidad de la cuenca del Rio Guisa.<\/div>\n<div> \t\u00a0<\/div>\n<div> \tCon este fundamento, nos permitimos exigir y pedir justicia, reparaci\u00f3n y la garant\u00eda de no repetici\u00f3n.<\/div>\n<div> \t\u00a0<\/div>\n<div> \t<strong>ORGANIZACI\u00d3N INDIGENA DEL PUEBLO AWA- CABILDO MAYOR AWA DE RICAURTE CAMAWARI.<\/strong><\/div>\n","protected":false},"excerpt":{"rendered":"<p>Comunicaci\u00f3n a la opini\u00f3n p\u00fablica.\u00a0El Cabildo Mayor Awa de Ricaurte Nari\u00f1o CAMAWARI informa que en la madrugada del 9 de Agosto de 2012, se registraron combates en nuestro territorio y como resultado [&hellip;]<\/p>\n","protected":false},"author":2,"featured_media":0,"comment_status":"open","ping_status":"open","sticky":false,"template":"","format":"standard","meta":[],"categories":[75],"tags":[],"_links":{"self":[{"href":"https:\/\/tejidohistorico.afrodescendientes.com\/index.php\/wp-json\/wp\/v2\/posts\/4357"}],"collection":[{"href":"https:\/\/tejidohistorico.afrodescendientes.com\/index.php\/wp-json\/wp\/v2\/posts"}],"about":[{"href":"https:\/\/tejidohistorico.afrodescendientes.com\/index.php\/wp-json\/wp\/v2\/types\/post"}],"author":[{"embeddable":true,"href":"https:\/\/tejidohistorico.afrodescendientes.com\/index.php\/wp-json\/wp\/v2\/users\/2"}],"replies":[{"embeddable":true,"href":"https:\/\/tejidohistorico.afrodescendientes.com\/index.php\/wp-json\/wp\/v2\/comments?post=4357"}],"version-history":[{"count":0,"href":"https:\/\/tejidohistorico.afrodescendientes.com\/index.php\/wp-json\/wp\/v2\/posts\/4357\/revisions"}],"wp:attachment":[{"href":"https:\/\/tejidohistorico.afrodescendientes.com\/index.php\/wp-json\/wp\/v2\/media?parent=4357"}],"wp:term":[{"taxonomy":"category","embeddable":true,"href":"https:\/\/tejidohistorico.afrodescendientes.com\/index.php\/wp-json\/wp\/v2\/categories?post=4357"},{"taxonomy":"post_tag","embeddable":true,"href":"https:\/\/tejidohistorico.afrodescendientes.com\/index.php\/wp-json\/wp\/v2\/tags?post=4357"}],"curies":[{"name":"wp","href":"https:\/\/api.w.org\/{rel}","templated":true}]}}