{"id":4363,"date":"2012-08-13T18:43:04","date_gmt":"2012-08-13T18:43:04","guid":{"rendered":"http:\/\/www2.nasaacin.org\/index.php\/2012\/08\/13\/comunicado-de-solidaridad-con-el-resguardo-la-mercedes-caldono\/"},"modified":"2012-08-13T18:43:04","modified_gmt":"2012-08-13T18:43:04","slug":"comunicado-de-solidaridad-con-el-resguardo-la-mercedes-caldono","status":"publish","type":"post","link":"https:\/\/tejidohistorico.afrodescendientes.com\/index.php\/2012\/08\/13\/comunicado-de-solidaridad-con-el-resguardo-la-mercedes-caldono\/","title":{"rendered":"Comunicado de solidaridad con el resguardo La Mercedes &#8211; Caldono"},"content":{"rendered":"<p> \tEj\u00e9rcito Nacional, ataca nuevamente a poblaci\u00f3n civil en el resguardo ind\u00edgena de las Mercedes, Municipio de Caldono , Cauca.\u00a0La ALIANZA SOCIAL INDEPENDIENTE Regional Cauca denuncia ante la opini\u00f3n publica Nacional e internacional los atropellos realizados por el Ejercito Nacional a una familia Ind\u00edgena en el Territorio de Sat Tama Kiwe, Municipio de Baldono en el Cauca.<\/p>\n","protected":false},"excerpt":{"rendered":"<p>Ej\u00e9rcito Nacional, ataca nuevamente a poblaci\u00f3n civil en el resguardo ind\u00edgena de las Mercedes, Municipio de Caldono , Cauca.\u00a0La ALIANZA SOCIAL INDEPENDIENTE Regional Cauca denuncia ante la opini\u00f3n publica Nacional e internacional [&hellip;]<\/p>\n","protected":false},"author":2,"featured_media":0,"comment_status":"open","ping_status":"open","sticky":false,"template":"","format":"standard","meta":[],"categories":[61],"tags":[],"_links":{"self":[{"href":"https:\/\/tejidohistorico.afrodescendientes.com\/index.php\/wp-json\/wp\/v2\/posts\/4363"}],"collection":[{"href":"https:\/\/tejidohistorico.afrodescendientes.com\/index.php\/wp-json\/wp\/v2\/posts"}],"about":[{"href":"https:\/\/tejidohistorico.afrodescendientes.com\/index.php\/wp-json\/wp\/v2\/types\/post"}],"author":[{"embeddable":true,"href":"https:\/\/tejidohistorico.afrodescendientes.com\/index.php\/wp-json\/wp\/v2\/users\/2"}],"replies":[{"embeddable":true,"href":"https:\/\/tejidohistorico.afrodescendientes.com\/index.php\/wp-json\/wp\/v2\/comments?post=4363"}],"version-history":[{"count":0,"href":"https:\/\/tejidohistorico.afrodescendientes.com\/index.php\/wp-json\/wp\/v2\/posts\/4363\/revisions"}],"wp:attachment":[{"href":"https:\/\/tejidohistorico.afrodescendientes.com\/index.php\/wp-json\/wp\/v2\/media?parent=4363"}],"wp:term":[{"taxonomy":"category","embeddable":true,"href":"https:\/\/tejidohistorico.afrodescendientes.com\/index.php\/wp-json\/wp\/v2\/categories?post=4363"},{"taxonomy":"post_tag","embeddable":true,"href":"https:\/\/tejidohistorico.afrodescendientes.com\/index.php\/wp-json\/wp\/v2\/tags?post=4363"}],"curies":[{"name":"wp","href":"https:\/\/api.w.org\/{rel}","templated":true}]}}