{"id":4364,"date":"2012-08-13T18:45:24","date_gmt":"2012-08-13T18:45:24","guid":{"rendered":"http:\/\/www2.nasaacin.org\/index.php\/2012\/08\/13\/pronunciamiento-solidario-a-la-lucha-por-el-territorio-en-el-cauca\/"},"modified":"2012-08-13T18:45:24","modified_gmt":"2012-08-13T18:45:24","slug":"pronunciamiento-solidario-a-la-lucha-por-el-territorio-en-el-cauca","status":"publish","type":"post","link":"https:\/\/tejidohistorico.afrodescendientes.com\/index.php\/2012\/08\/13\/pronunciamiento-solidario-a-la-lucha-por-el-territorio-en-el-cauca\/","title":{"rendered":"Pronunciamiento solidario a la lucha por el territorio en el Cauca"},"content":{"rendered":"<p> \tCaramanta (Antioquia), Agosto 10 de 2012.\u00a0Desde hace m\u00e1s de quinientos a\u00f1os los territorios latinoamericanos ancestrales fueron\u00a0saqueados por misiones europeas que tan s\u00f3lo buscan la codicia del oro, la apropiaci\u00f3n de los\u00a0pueblos y tierras para la servidumbre. Todav\u00eda est\u00e1n aqu\u00ed los esp\u00edritus de la maldad y el\u00a0cinismo.\u00a0<\/p>\n","protected":false},"excerpt":{"rendered":"<p>Caramanta (Antioquia), Agosto 10 de 2012.\u00a0Desde hace m\u00e1s de quinientos a\u00f1os los territorios latinoamericanos ancestrales fueron\u00a0saqueados por misiones europeas que tan s\u00f3lo buscan la codicia del oro, la apropiaci\u00f3n de los\u00a0pueblos y [&hellip;]<\/p>\n","protected":false},"author":2,"featured_media":0,"comment_status":"open","ping_status":"open","sticky":false,"template":"","format":"standard","meta":[],"categories":[61],"tags":[],"_links":{"self":[{"href":"https:\/\/tejidohistorico.afrodescendientes.com\/index.php\/wp-json\/wp\/v2\/posts\/4364"}],"collection":[{"href":"https:\/\/tejidohistorico.afrodescendientes.com\/index.php\/wp-json\/wp\/v2\/posts"}],"about":[{"href":"https:\/\/tejidohistorico.afrodescendientes.com\/index.php\/wp-json\/wp\/v2\/types\/post"}],"author":[{"embeddable":true,"href":"https:\/\/tejidohistorico.afrodescendientes.com\/index.php\/wp-json\/wp\/v2\/users\/2"}],"replies":[{"embeddable":true,"href":"https:\/\/tejidohistorico.afrodescendientes.com\/index.php\/wp-json\/wp\/v2\/comments?post=4364"}],"version-history":[{"count":0,"href":"https:\/\/tejidohistorico.afrodescendientes.com\/index.php\/wp-json\/wp\/v2\/posts\/4364\/revisions"}],"wp:attachment":[{"href":"https:\/\/tejidohistorico.afrodescendientes.com\/index.php\/wp-json\/wp\/v2\/media?parent=4364"}],"wp:term":[{"taxonomy":"category","embeddable":true,"href":"https:\/\/tejidohistorico.afrodescendientes.com\/index.php\/wp-json\/wp\/v2\/categories?post=4364"},{"taxonomy":"post_tag","embeddable":true,"href":"https:\/\/tejidohistorico.afrodescendientes.com\/index.php\/wp-json\/wp\/v2\/tags?post=4364"}],"curies":[{"name":"wp","href":"https:\/\/api.w.org\/{rel}","templated":true}]}}