{"id":4371,"date":"2012-08-14T12:41:38","date_gmt":"2012-08-14T12:41:38","guid":{"rendered":"http:\/\/www2.nasaacin.org\/index.php\/2012\/08\/14\/reflexion-sobre-el-ejercicio-del-periodismo\/"},"modified":"2012-08-14T12:41:38","modified_gmt":"2012-08-14T12:41:38","slug":"reflexion-sobre-el-ejercicio-del-periodismo","status":"publish","type":"post","link":"https:\/\/tejidohistorico.afrodescendientes.com\/index.php\/2012\/08\/14\/reflexion-sobre-el-ejercicio-del-periodismo\/","title":{"rendered":"Reflexi\u00f3n sobre el ejercicio del periodismo"},"content":{"rendered":"<p> \tPersonalmente pienso que la objetividad es un concepto c\u00f3modo para eludir responsabilidades; pero sobre todo una eficaz manera de camuflar la manipulaci\u00f3n de la que hacen uso \u00e9stos, para favorecer intereses privados &ndash;por regla general asociados al poder hegem\u00f3nico-.\u00a0<\/p>\n<p>  <!--more-->  <\/p>\n<p> \t\u00a0<\/p>\n<p> \t<strong>\u00ab&hellip; s\u00e9 que las palabras que dicto son acaso precisas, pero sutilmente ser\u00e1n falsas, porque la realidad es inasible y porque el lenguaje es un orden de signos r\u00edgidos.\u00bb\u00a0<\/strong><\/p>\n<p> \t\u00a0<\/p>\n<div> \t<strong>Jorge Luis Borges, EAST LANSING (1972).<\/strong><\/div>\n<div> \t<strong>&ldquo;Cuando decimos algo, siempre est\u00e1 involucrada nuestra intenci\u00f3n \u00a0o situaci\u00f3n subjetiva. \u00a0No existe, pues, palabra perfecta. En toda declaraci\u00f3n hay siempre una deformaci\u00f3n.&rdquo;<\/strong><\/div>\n<div> \tShunryu Suzuki<\/div>\n<div> \t\u00a0<\/div>\n<div> \t<span style=\"font-size:14px;\"><span style=\"color: rgb(128, 0, 0); \"><strong>Mi opini\u00f3n sobre las estrategias de los Medios de Comunicaci\u00f3n para &ldquo;generar&rdquo; opini\u00f3n p\u00fablica.\u00a0<\/strong><\/span><\/span><\/div>\n<div> \t\u00a0<\/div>\n<div> \tLa bandera que a\u00fan se sigue izando, por regla general, salvo en escasos claustros, es que el ejercicio del periodismo debe ser por sobre todo &ldquo;objetivo&rdquo; dada la responsabilidad de ser forjadores de opini\u00f3n p\u00fablica.<\/div>\n<div> \t\u00a0<\/div>\n<div> \tResulta evidente que a partir de la &ldquo;informaci\u00f3n&rdquo; que los medios de comunicaci\u00f3n difunden, l@s ciudadan@s sacan sus propias conclusiones.\u00a0<\/div>\n<div> \t\u00a0<\/div>\n<div> \tA los Medios Masivos de Comunicaci\u00f3n se les ha otorgado el calificativo del &ldquo;S\u00e9ptimo Poder&rdquo; y no sin raz\u00f3n. No voy a entrar en detalles pero es f\u00e1cil deducir c\u00f3mo desde este oficio se inician y perpet\u00faan guerras e injusticias y tambi\u00e9n; cuando se ejerce desde la \u00e9tica, se pueden transformar ideas y comportamientos.<\/div>\n<div> \t\u00a0<\/div>\n<div> \tPersonalmente pienso que la objetividad es un concepto c\u00f3modo para eludir responsabilidades; pero sobre todo una eficaz manera de camuflar la manipulaci\u00f3n de la que hacen uso \u00e9stos, para favorecer intereses privados &ndash;por regla general asociados al poder hegem\u00f3nico-.\u00a0<\/div>\n<div> \t\u00a0<\/div>\n<div> \tNuestra propia naturaleza desnaturaliza la objetividad pues los seres humanos somos inherentemente pol\u00edticos. Ejercemos pol\u00edtica desde nuestra intimidad, en nuestras relaciones de pareja, familiares, laborales, sociales, etc\u00e9tera.\u00a0<\/div>\n<div> \t\u00a0<\/div>\n<div> \tSiempre tomamos partido; nos adherimos a una u otra corriente, ya sea filos\u00f3fica, teos\u00f3fica, sociol\u00f3gica, econ\u00f3mica, etc\u00e9tera (y\/o todas las anteriores). Algun@s nos sentimos m\u00e1s afines a la equidad y la justicia, otr@s al poder y la dominaci\u00f3n, la concertaci\u00f3n y el di\u00e1logo o la confrontaci\u00f3n y la guerra&hellip;<\/div>\n<div> \t\u00a0<\/div>\n<div> \tObviamente los ejemplos son bastante reduccionistas pues los seres humanos somos much\u00edsimo m\u00e1s complejos&hellip; por fortuna!\u00a0<\/div>\n<div> \t\u00a0<\/div>\n<div> \tPero como quien escribe lo hace desde el lugar de la ignorancia en lo relativo a preceptos filos\u00f3ficos, antropol\u00f3gicos, semiol\u00f3gicos y todos los &ldquo;icos&rdquo; respectivos que se le quieran sumar; expreso mi opini\u00f3n desde este lugar: el de la carencia, la ausencia de conocimiento para argumentar cada una de mis afirmaciones desde un contexto acad\u00e9mico y te\u00f3rico.\u00a0<\/div>\n<div> \t\u00a0<\/div>\n<div> \tEl \u00fanico argumento que me avala es el de hacer ejercicio de ese Derecho que se proclama a lo ancho y largo del planeta que es el de &ldquo;LA LIBRE EXPRESI\u00d3N&rdquo;. Tampoco lo hago respaldada desde lo que reza mi diploma profesional: &ldquo;Comunicadora Social-Periodista&rdquo; sino desde mi humanidad y mi calidad de ciudadana.<\/div>\n<div> \t\u00a0<\/div>\n<div> \tDesde que me gradu\u00e9, mi ejercicio profesional se ha desarrollado dentro de las aulas de instituciones universitarias. Espec\u00edficamente \u00a0en el campo creativo de la escritura literaria y audiovisual. Nunca he ejercido como periodista.<\/div>\n<div> \t\u00a0<\/div>\n<div> \tEl 16 de julio del presente a\u00f1o, cuando vi en el noticiero de Caracol la imagen del comandante llorando y la forma en que se presenta la noticia, por vez primera se me encendi\u00f3 la llama \u00a0de aquello que en mi adolescencia hab\u00eda sido mi apuesta: el periodismo.<\/div>\n<div> \t\u00a0<\/div>\n<div> \tMe sent\u00ed dolida, avergonzada e indignada! Sin ser para nada instruida en la materia pod\u00eda deducir el impacto y las nefastas consecuencias de la ligereza, irresponsabilidad, manipulaci\u00f3n y manique\u00edsmo con la que los medios oficiales vend\u00edan raiting y complac\u00edan a sus patrones.<\/div>\n<div> \t\u00a0<\/div>\n<div> \tEllo me motiv\u00f3 a viajar a la zona, para tener una visi\u00f3n de los hechos, indagando y entrevistando a personas de distintos sectores (comunidad ind\u00edgena, comerciantes, reporteros&hellip;) y sub\u00ed hasta el cerro de Berl\u00edn la noche del 17. Al amanecer fui testigo de la violenta retoma por parte de las FUERZAS ARMADAS MILITARES. No viene a lugar entrar en detalles pues no es el tema que quiero tratar ahora. Basta con decir que esto no fue filmado y por lo tanto no se le dio la oportunidad a la opini\u00f3n p\u00fablica, de conocer la otra cara de la moneda.<\/div>\n<div> \t\u00a0<\/div>\n<div> \tS\u00ed quiero darme la licencia de un par de comentarios y preguntas ya que fue resaltado y reiterado, entre otr@s, por la voz del presidente Santos, su ministro de defensa y del interior, figuras p\u00fablicas que gozan de mucha legitimidad: La dignidad con que las Fuerzas Armadas asumieron la humillante afrenta; y la prueba fehaciente de c\u00f3mo nuestro ej\u00e9rcito es un defensor y ejecutor inmaculado de los Derechos Humanos&hellip;<\/div>\n<div> \t\u00a0<\/div>\n<div> \tYo me pregunto \u00bfC\u00f3mo habr\u00eda quedado la imagen del ej\u00e9rcito; cuyo coronel y sus subalternos le disparan a una comunidad armada s\u00f3lo con sus Bastones de Mando y su Palabra delante de las c\u00e1maras de Caracol? De hecho se simul\u00f3 un ataque guerrillero para hacer tiros y lanzar gases lacrim\u00f3genos aterrorizando a la comunidad. \u00bfAcaso las l\u00e1grimas del coronel no pudieron ser el efecto de su propio invento? Los gases! Por supuesto, tambi\u00e9n pudo ser la impotencia de no poder hacer uso de sus armas de dotaci\u00f3n frente a una imagen que recorrer\u00eda toda la naci\u00f3n e incluso trascender\u00eda sus fronteras!<\/div>\n<div> \t\u00a0<\/div>\n<div> \t\u00bfNo es razonable comprender que en un impulsivo acto de conservaci\u00f3n algunas personas reaccionaran arrojando tierra a la cara de los militares para evitar que sus balas dieran en el blanco? \u00bfC\u00f3mo precisar en medio de gases y la polvareda que all\u00ed se levanta (producto de la deforestaci\u00f3n que fue necesaria para montar la base militar) que los disparos eran lanzados al aire y no contra los cuerpos indefensos de la comunidad? Ellos han sido v\u00edctimas inocentes de un conflicto armado, han perdido padres, madres, hijos, hijas, etc\u00e9tera pero sus muertes quedan, si acaso, rese\u00f1adas m\u00ednima y r\u00e1pidamente como &ldquo;errores t\u00e1cticos&rdquo;!<\/div>\n<div> \t\u00a0<\/div>\n<div> \tDial\u00e9ctica c\u00ednica y vergonzosa: las muertes de ind\u00edgenas y campesin@s son &ldquo;errores&rdquo;, las l\u00e1grimas de &ldquo;humillaci\u00f3n&rdquo; de un coronel son una afrenta para la naci\u00f3n!<\/div>\n<div> \t\u00a0<\/div>\n<div> \tCaracol omiti\u00f3 las im\u00e1genes donde se muestra la comunidad ayudando a doblar y trastear sus mantas y carpas. Suprimi\u00f3 los audios para que no se escucharan los argumentos de los ind\u00edgenas sobre la raz\u00f3n de su actuaci\u00f3n, cargaron el mercado para ayudarlo a trasladar unas centenas de metros m\u00e1s abajo pero aprovecharon esta imagen para decir que los estaban saqueando! tampoco mostraron c\u00f3mo la Guardia Ind\u00edgena les proporcionaba decenas de botellas de agua pues &ldquo;el ojo de agua&rdquo; queda distante! Incluso la mayor\u00eda de los militares bajaron sin oponer resistencia. Fue el coronel qui\u00e9n dijo que a \u00e9l lo sacaban pero cargado y eso fue lo que hicieron&hellip;<\/div>\n<div> \t\u00a0<\/div>\n<div> \tNo s\u00f3lo se pec\u00f3 por omisi\u00f3n sino que adem\u00e1s hubo una consciente y perversa manipulaci\u00f3n para presentarlos ante la opini\u00f3n p\u00fablica como unos indios salvajes, violentos, infiltrados y\/o manipulados por la guerrilla.<\/div>\n<div> \t\u00a0<\/div>\n<div> \tEl 18 de Julio Eduard Fabi\u00e1n (habitante del Crucero-El Rosario del Resguardo de La Laguna Siberia en el municipio de Caldono) de apenas 22 a\u00f1os, regresa muy temprano en la ma\u00f1ana (despu\u00e9s de haber pasado la noche donde su novia) a su casa para prepararle el desayuno a sus herman@s. Iba escuchando m\u00fasica con los aud\u00edfonos conectados a su celular. El ej\u00e9rcito se hab\u00eda atrincherado en el tanque del acueducto a pocos metros de su hogar. Quiz\u00e1s le gritaron que se detuviera pero \u00e9l iba oyendo m\u00fasica. Un soldado le dispar\u00f3 al rostro y lo mat\u00f3 en el acto, al principio los soldados cubrieron el cuerpo y lo corrieron del lugar haciendo pasar el cad\u00e1ver como el suicidio de uno de los suyos; pero como Eduard Fabi\u00e1n no lleg\u00f3 a su destino, su familia y vecinos tuvieron dudas sobre la versi\u00f3n del ej\u00e9rcito y llamaron a la Guardia Ind\u00edgena quienes descubrieron que se trataba del cad\u00e1ver del joven desaparecido. Como en esos momentos yo me hallaba en Torib\u00edo no supe c\u00f3mo fue rese\u00f1ada esta noticia por Caracol y RCN&hellip; Pero aqu\u00ed lo que cuenta es c\u00f3mo el ej\u00e9rcito premeditadamente trata de encubrir un asesinato perpetrado por uno de sus soldados! \u00bf&rdquo;Error t\u00e1ctico&rdquo;?<\/div>\n<div> \t\u00a0<\/div>\n<div> \tLamentablemente para la opini\u00f3n p\u00fablica sigue siendo m\u00e1s indignante ver un coronel llorando que la sangre derramada por tantos inocentes que son v\u00edctimas sistem\u00e1ticas de un conflicto que no les concierne y del que est\u00e1n hartos. Que s\u00f3lo exigen el derecho a vivir en paz, a que se les permita armonizar su territorio (limpiarlo de minas y artefactos explosivos que han matado y mutilado ni\u00f1@s, mujeres, labrieg@s&hellip;) que los actores armados se vayan de sus territorios para poder volver a sus parcelas y cultivar su sustento con alegr\u00eda en su coraz\u00f3n, sin miedo; de poderse sentar a la mesa agradecid@s de saborear el fruto de sus manos sin que tatucos y metrallas se cuelen entre sus viviendas y ensangrienten su humilde pero digna cena. Sin la amenaza de \u00c1guilas Negras, Rastrojos, Bacrim, Guerilla y Ej\u00e9rcito- \u00bfNo suena razonable?<\/div>\n<div> \t\u00a0<\/div>\n<div> \tObviamente comenc\u00e9 a interesarme por las noticias relativas al conflicto en el Cauca y tomo un ejemplo &ndash;sin tomarme la molestia de comparar o indagar o sobre otros- simplemente le\u00ed el art\u00edculo y por mera curiosidad desplegu\u00e9 el espacio destinado a los comentarios.\u00a0<\/div>\n<div> \t\u00a0<\/div>\n<div> \tHe aqu\u00ed el titular del primero de Agosto v\u00eda web de una de las noticias de El Espectador y los comentarios de la opini\u00f3n p\u00fablica. Inicialmente me sent\u00ed tentada a suprimir algunos &ndash;no por la intenci\u00f3n de acomodarlos a mi ama\u00f1o sino por su extensi\u00f3n- pero he decidido dejarlos tal cual pues cada uno de ellos refleja directamente las consecuencias de un periodismo irresponsable que obedece al mercado de la inmediatez, la falta de investigaci\u00f3n, an\u00e1lisis y reflexi\u00f3n.\u00a0<\/div>\n<div> \t1 Ago 2012 &#8211; 7:59 am\u00a0<\/div>\n<div> \tTensi\u00f3n en el Cauca<\/div>\n<div> \tInd\u00edgenas alistan marcha desde el Cauca hasta Bogot\u00e1<\/div>\n<div> \tPor: Elespectador.com<\/div>\n<div> \tLa manifestaci\u00f3n se llevar\u00eda a cabo a mediados de agosto.<\/div>\n<div> \tMie, 08\/01\/2012 &#8211; 12:08<\/div>\n<div> \tOpini\u00f3n por:<\/div>\n<div> \tJorgeColm<\/div>\n<div> \tque se pongan a trabajar y dejen de molestar !!!\u00a0<\/div>\n<div> \tJorgeColm<\/div>\n<div> \tvagancia, anarquia, droga&#8230;\u00a0<\/div>\n<div> \tOpini\u00f3n por:<\/div>\n<div> \tonig<\/div>\n<div> \tMie, 08\/01\/2012 &#8211; 11:36<\/div>\n<div> \tEn el pais esta consagrado el derecho a la libre locomoci\u00f3n por el territorio nacional, as\u00ed como la asociaci\u00f3n y la protesta, lo que no se puede permitir es que estos se\u00f1ores vayan a venir a bogot\u00e1 y creen caos, si la alcaldia que precide el se\u00f1or petro decide autorizar esta marcha por la ciudad, debe garantizar que esta no interrumpa ni afecte en ninguna medida a los que residimos aca y que no estamos de acuerdo con estas &#8220;marchas pacificas&#8221;.\u00a0<\/div>\n<div> \tOpini\u00f3n por:<\/div>\n<div> \tjusticiaesposible<\/div>\n<div> \tMie, 08\/01\/2012 &#8211; 11:29<\/div>\n<div> \tapoyo mucho estas marchas y sobre todo la de los indigenas, por que ellos al igual que todos merecen ser oidos por todos, que sus derechos no queden en el limbo, y me doy cuenta como espectadora de estas marchas, que estas comunidades estan pasando por muchas necesidades economicas y que no reciben ni un peso de nadie, si no solo hambre, caminatas largas sin zapatos muchas veces y con ni\u00f1os que sufren estas mismas situaciones, x ello en vez de criticar invito a ver esta realidad no desde sus casas en la tv si no desde la marcha que van hacer.\u00a0<\/div>\n<div> \tOpini\u00f3n por:<\/div>\n<div> \tEL MISTER<\/div>\n<div> \tMie, 08\/01\/2012 &#8211; 10:54<\/div>\n<div> \tPRESIDENTE,HAGA RESPETAR LA CONSTITUCI\u00d2N, QUIEREN HACER LO QUE SE LES D LA GANA, MANO DURA\u00a0<\/div>\n<div> \tOpini\u00f3n por:<\/div>\n<div> \tluisehg<\/div>\n<div> \tMie, 08\/01\/2012 &#8211; 10:46<\/div>\n<div> \tQU\u00c9 SER\u00c1 LO MAS GRAVE DE LA MARCHA? La pecueca de los indios, o la pecueca del turbante!\u00a0<\/div>\n<div> \tOpini\u00f3n por:<\/div>\n<div> \tesorga<\/div>\n<div> \tMie, 08\/01\/2012 &#8211; 10:36<\/div>\n<div> \tEs mejor que hagan una marcha hasta Bolivia y se queden all\u00e1.\u00a0<\/div>\n<div> \tOpini\u00f3n por:<\/div>\n<div> \tJorgeColm<\/div>\n<div> \tMie, 08\/01\/2012 &#8211; 10:26<\/div>\n<div> \tOtra vez, pero para recibir platica no se quejan. Ahi estan pintados esos &#8220;personajes&#8221;.\u00a0<\/div>\n<div> \tOpini\u00f3n por:<\/div>\n<div> \tbaffles<\/div>\n<div> \tMie, 08\/01\/2012 &#8211; 09:52<\/div>\n<div> \tindios y farianos los de morrales, pues se le ve el ca\u00f1on de un fusil y cartucheras a estos humildes agricultores que solo saben sembrar terror, coca y minas quiebrapatas, lo curioso es que estos criminales son parte de su raza y gozan de aceptacion por estas supuetas poblaciones que pregonan rechazar la violencia y grupos armados al igual que en las universidades publicas.\u00a0<\/div>\n<div> \tOpini\u00f3n por:<\/div>\n<div> \tRONY<\/div>\n<div> \tMie, 08\/01\/2012 &#8211; 09:38<\/div>\n<div> \tLos indigenas reciben regalias por 28 mil millones de pesos, as\u00ed para que quieren trabajar? irse de paseo por la carreteras de colombia, resistiendose al trabajo, a la justicia y m\u00e1s. La imagen que tenemos los colombianos y extranjeros donde creemos que los indigenas son victimas, marginados, explotados es completamente erronea, solo hay que ver cuanta tierra tiene cada indigena frente a la mayor\u00eda de colombianos que pagamos arriendo por un cuchitrin\u00a1\u00a0<\/div>\n<div> \tOpini\u00f3n por:<\/div>\n<div> \tJorgeColm<\/div>\n<div> \tMie, 08\/01\/2012 &#8211; 10:28<\/div>\n<div> \ttoda la razon. que les quiten esos giros y los manden para vene-cuba\u00a0<\/div>\n<div> \tOpini\u00f3n por:<\/div>\n<div> \tgokuwala<\/div>\n<div> \tMie, 08\/01\/2012 &#8211; 09:31<\/div>\n<div> \tEMPEZARON LOS OLIGARCAS Y PARACOS DE ESTE PAIS A HABLAR MAL DE LOS INDIGENAS. SON TAN IGNORANTES PEDAZOS DE MIERDA QUE LOS INDIGENAS ESTE TERRITORIO LES HA PERTENECIDO POR MILENIOS, QUE SON USTEDES LOS MESTIZOS, SEMILLAS MALDITAS DE LOS ESPA\u00d1OLES QUE QUIEREN EXTERINAR A LOS INDIGENAS PARA SEGUIR CON EL GENOCIDIO DE LOS HP ANCESTROS ESPA\u00d1OLES. QUE VIVA LA LUCHA INDIGENA, POR LA DIGNIDAD,\u00a0<\/div>\n<div> \tOpini\u00f3n por:<\/div>\n<div> \tjusticiaesposible<\/div>\n<div> \tMie, 08\/01\/2012 &#8211; 11:45<\/div>\n<div> \tes que aqui en este pais se creen que son de sangre azul, pero valla uno a mirar quien son los que escriben encontra de los indigenas y son personas que tienen los mismos rasgos fisicos a ellos, y cuando se ven al espejo le dan rabia de ser asi, pomulones, morenos chiquitos etc, lo siento pero todos venismos de estos grupos y deberiamos tener mas respeto x ellos y si no les gusta vallansen ud por el territorio colombiano son mas de ellos que de nosotros x q sus descendientes estuvieron primero en estas tierras que los espa\u00f1oles.\u00a0<\/div>\n<div> \tOpini\u00f3n por:<\/div>\n<div> \tJorgeColm<\/div>\n<div> \tMie, 08\/01\/2012 &#8211; 10:27<\/div>\n<div> \tvayase a vivir con ellos, y emigren a vene-cuba\u00a0<\/div>\n<div> \tOpini\u00f3n por:<\/div>\n<div> \tSofon\u00edas Bioj\u00f3 Carabal\u00ed<\/div>\n<div> \tMie, 08\/01\/2012 &#8211; 09:26<\/div>\n<div> \tMarcha???. Si siempre se vienen en buses escaleras. Esos flojos llegan hasta Cali, joden a los cale\u00f1os unos d\u00edas porque que les toca aguantarlos, y luego a pasear en bus escalera hasta Bogot\u00e1.\u00a0<\/div>\n<div> \tOpini\u00f3n por:<\/div>\n<div> \tgokuwala<\/div>\n<div> \tMie, 08\/01\/2012 &#8211; 09:34<\/div>\n<div> \tREGALADO, VENDIDO, PROSTITUDA DE LOS RICOS DE ESTE PAIS, SIGA APOYANDO A LOS QUE TIENEN SOMETIDO A ESTE PAIS, MAL NACIDO O NACIDA QUE PUTAS SERA ESTA COSA QUE ESCRIBE SI NO MIERDA\u00a0<\/div>\n<div> \tOpini\u00f3n por:<\/div>\n<div> \tcontestador automatico<\/div>\n<div> \tMie, 08\/01\/2012 &#8211; 09:21<\/div>\n<div> \tPara la mayor\u00eda de los silvestres esta marcha sera un paseo, comida y bebida gratis por varias semanas y banquete que les tiene Petro a su llegada a Bogot\u00e1, mientras las tierras que la indiamenta le robo a los campesinos abandonada sin producir ni mierda, eso si copada por la far\u00a0<\/div>\n<div> \tOpini\u00f3n por:<\/div>\n<div> \tCaton el Censor<\/div>\n<div> \tMie, 08\/01\/2012 &#8211; 09:15<\/div>\n<div> \tSi se van a movilizar por las carreteras que cumplan las normas de transito como todos los colombianos lo hacemos a diario: 1- No se pueden movilizar en camiones ni sobrecargarlos .Estos son solo para carga . 2- Si vienen en chivas no pueden traer gente arriba en la parrilla esto esta prohibido por el codigo de transito. 3- No pueden afectar el transito de otros vehiculos en las carreteras en su movilizacion si vienen a pie. 4- donde se van alojar ?- Dejaran todo como lo encontraron. 5- no s epueden tomar los campos de la U para hacer campamentos . No son para eso. Si cumplen que hagan su movilizacion.\u00a0<\/div>\n<div> \tOpini\u00f3n por:<\/div>\n<div> \tbaffles<\/div>\n<div> \tMie, 08\/01\/2012 &#8211; 09:03<\/div>\n<div> \traspachines indigenas alistan marcha desde el caucaguan hasta bogota, los participantes seran favorecidos con mas terrenos para que aumenten su produccion y seran dirigidos por teodora y patrocinados por el movimiento bobolivariano de chavez el reencarnado caballo de bolivar.\u00a0<\/div>\n<div> \tOpini\u00f3n por:<\/div>\n<div> \tSe\u00f1or___X<\/div>\n<div> \tMie, 08\/01\/2012 &#8211; 09:07<\/div>\n<div> \tcomo dijo una EX senadora, marcha del odio marcha racista..\u00a0<\/div>\n<div> \tOpini\u00f3n por:<\/div>\n<div> \tMOJAVE2<\/div>\n<div> \tMie, 08\/01\/2012 &#8211; 08:56<\/div>\n<div> \ten uso del derecho civil a la resistencia social y a las v\u00edas de hecho tambien la poblacion puede conformar una guardia civil que se oponga a las actuaciones de esta comunidad manipulada..hacer resistencia a sus pretensiones en uso..repito en igualdad de condiciones al uso de las vias de hecho\u00a0<\/div>\n<div> \tOpini\u00f3n por:<\/div>\n<div> \tJORGE ENRIQUE MONTOYA OSPINA<\/div>\n<div> \tMie, 08\/01\/2012 &#8211; 08:51<\/div>\n<div> \tAqu\u00ed se ha comentado que ellos no tiene derecho a expulsar al ej\u00e9rcito de su territorio, porque Colombia es de todos, y no hay territorios vedado: \u00a1Bienvenidos compatriotas, que Colombia es de todos, con un abrazo solidario los recibiremos, y estamos dispuestos a exigirle Al Estado que aborde con seriedad la discusi\u00f3n de su problematica de siempre, y la coyuntural, y hacemos votos por el exito de sus negociciones, para beneficio de todos los colombianos, y de su cultura ancestral.\u00a0<\/div>\n<div> \tOpini\u00f3n por:<\/div>\n<div> \tMOJAVE2<\/div>\n<div> \tMie, 08\/01\/2012 &#8211; 09:09<\/div>\n<div> \tno se trata de afectarles el derecho individual a la libre locomocion&#8230;pero si el de oponernos como digo en uso igualmente al derecho de resistencia social que comentaristas como Usted tanto pregona&#8230;no obstante para la izmierda colombiana los derechos de los ciudadanos solo son titulares los que buscan desestabilizar el poco orden que tiene Colombia..para ellos si..los que buscan el caos, el anarquismo y la servidumbre a sesgadas pretensiones\u00a0<\/div>\n<div> \tOpini\u00f3n por:<\/div>\n<div> \tJORGE ENRIQUE MONTOYA OSPINA<\/div>\n<div> \tMie, 08\/01\/2012 &#8211; 08:42<\/div>\n<div> \tCUANDO LOS VEAN EN LAS CALLES, EMPIEZAN A HABLAR MIERDA, PERO CIUANDO HAN EXIGIDO QUE UN PAR DE MINISTRSO DE COKTAIL VAYAN A SENTARSE A LAS MESAS DE DIALOGO, LOS HAN ISULTADO Y TRATADO DE RIDICULIZAR, EN VEZ DE EXIGIRLE AL GOBIERNO QUE CUMPLA CON SU DEBER DE IR A ESAS MESAS, Y HACER COMPROMISOS SERIOS, Y CUMPLIRLOS.\u00a0<\/div>\n<div> \tOpini\u00f3n por:<\/div>\n<div> \tMOJAVE2<\/div>\n<div> \tMie, 08\/01\/2012 &#8211; 09:15<\/div>\n<div> \tla intencion creo debe ser que las justas causas no sirvan de comodina a ningun grupo..ni los de izquierda ni de derecha..solamente oponernos a una manipulacion que es evidente&#8230;como de igual forma he apoyado y participado en marchas contra las injustas arremetidas laborales del Gobierno..las cuales me consta.trataron de ser manipuladas\u00a0<\/div>\n<div> \tOpini\u00f3n por:<\/div>\n<div> \tQuintilio<\/div>\n<div> \tMie, 08\/01\/2012 &#8211; 08:41<\/div>\n<div> \tOtra marcha organizada y planeada por la far para crear el caos. indios farucos hijos de mala cuy.\u00a0<\/div>\n<div> \tOpini\u00f3n por:<\/div>\n<div> \tJORGE ENRIQUE MONTOYA OSPINA<\/div>\n<div> \tMie, 08\/01\/2012 &#8211; 08:45<\/div>\n<div> \tYa empez\u00f3 a fluir el hijueputa veneno paraconazifascistagenocidadeinspiracionuribestialista, que quiere estigmatizar a toda una comunidad para preparar el terreno y ma\u00f1ana tenernos anestesiados para hacer sonar su motosierra impunemente.\u00a0<\/div>\n<div> \tOpini\u00f3n por:<\/div>\n<div> \tluisehg<\/div>\n<div> \tMie, 08\/01\/2012 &#8211; 08:39<\/div>\n<div> \tSER\u00c1 EL DESFILE DE LA IGNORANCIA Y DEL TERORISMO DE LOS COCALEROS DEL COMANDO SUR DE LAS FAR\u00a0<\/div>\n<div> \tOpini\u00f3n por:<\/div>\n<div> \tpelanga<\/div>\n<div> \tMie, 08\/01\/2012 &#8211; 08:39<\/div>\n<div> \tojal\u00e1 llegaran en tanques de guerra y apuntaran directo a la 106 con septima y despues dejaran unos buenos recuerdos en la sala de de cada hogar bogotano\u00a0<\/div>\n<div> \tOpini\u00f3n por:<\/div>\n<div> \tOdiseo Sodoma Fenix<\/div>\n<div> \tMie, 08\/01\/2012 &#8211; 08:37<\/div>\n<div> \tLa carretera caloto Bogota no es toda de los aborigenes, estos animales no tienen derecho a pasar encochinando nuestros territorios, MUERTE A LA INDIAMENTA NARCO FARACA!!\u00a0<\/div>\n<div> \t\u00a0<\/div>\n<div> \tPolarizaci\u00f3n, ignorancia, intolerancia y un lenguaje guerrerista cargado de un odio tan enconado que provoca no s\u00f3lo verg\u00fcenza sino n\u00e1usea!<\/div>\n<div> \t\u00a0<\/div>\n<div> \tEl ejemplo anterior, suscitado por una sola noticia da cuenta de la magnitud del llamado &ldquo;S\u00e9ptimo Poder&rdquo; para moldear a su ama\u00f1o la opini\u00f3n. Si bien es cierto que alg\u00fan@s &ndash;muy poc@s- defienden la posici\u00f3n de las minor\u00edas \u00e9tnicas no resulta alentador ver de qu\u00e9 manera lo hacen: deslegitimaci\u00f3n de las opiniones adversas, palabras soeces de parte y parte&hellip; Se evidencia en nuestra sociedad una incapacidad para la concertaci\u00f3n y creo que en gran medida obedece al manejo del que hist\u00f3ricamente han hecho los medios de comunicaci\u00f3n. A pesar de reiterar en sus noticias lo objetivo de su posici\u00f3n utilizan adjetivos calificativos &ndash;descalificadores, dir\u00eda yo- como v\u00e1ndalos, narco-terroristas, guerrilleros etc\u00e9tera cuando desplazad@s (comunidades ind\u00edgenas, afro-descendientes y campesin@s) \u00a0v\u00edctimas de la violencia armada de nuestro pa\u00eds han llegado a la capital para exigir protecci\u00f3n y respeto a sus derechos.\u00a0<\/div>\n<div> \t\u00a0<\/div>\n<div> \tYo me pregunto: \u00bfC\u00f3mo ha de ser posible la construcci\u00f3n de paz en \u00e9ste pa\u00eds cuando entre hermanos de patria nos expresamos de \u00e9sta manera l@s un@s frente a los otr@s?<\/div>\n<div> \tLos Medios de Comunicaci\u00f3n, particularmente RCN y Caracol que son los grandes monopolios que llegan a todos los rincones de nuestro territorio -sin exonerar a medios regionales cuyo poder no es de desestimar- son en gran medida responsables de la desinformaci\u00f3n y sesgo que provocan en su af\u00e1n por satisfacer a sus archimillonarios patrones.<\/div>\n<div> \tSi s\u00f3lo ejercieran su trabajo desde su posici\u00f3n de mercaderes, asumiendo con honestidad su rol de trabajar para intereses particulares y no tuvieran el poder y el impacto que provocan en toda la sociedad pues all\u00e1 ell@s!\u00a0<\/div>\n<div> \tLamentablemente en gran medida, la justicia, la dignidad y la paz de \u00e9ste pa\u00eds est\u00e1 en sus manos, como se puede apreciar en el ilustrativo ejemplo arriba citado.<\/div>\n<div> \tMe gustar\u00eda pensar que en la urgencia por la inmediatez de &ldquo;la chiva&rdquo; no alcanzan a dimensionar las consecuencias que provocan.\u00a0<\/div>\n<div> \tLe pregunt\u00e9 en Torib\u00edo a un camar\u00f3grafo de Caracol si estaba consciente de que sus im\u00e1genes hab\u00edan puesto a todo el pa\u00eds en contra de una comunidad que lo \u00fanico que clama es el derecho a vivir en paz y me dijo que \u00e9l s\u00f3lo cumpl\u00eda con grabar, que \u00e9l es un simple asalariado; y que la pol\u00edtica del canal es qui\u00e9n decide que muestra y que no. Los audios se suprimen, las im\u00e1genes se editan y se construye un discurso para favorecer los intereses del Estado y los monopolios econ\u00f3micos en detrimento de toda una sociedad. Que se reconozca o no, la gente en nuestro pa\u00eds, en su mayor\u00eda quiere vivir cobijada bajo la equidad, la justicia y la paz.\u00a0<\/div>\n<div> \tNo creo que exista un\/a solo\/a colombiano\/a del com\u00fan que no desee una vida digna y un pa\u00eds pr\u00f3spero, justo; y en consecuencia pac\u00edfico!<\/div>\n<div> \tSi algo caracteriza nuestra idiosincrasia es nuestra alegr\u00eda y optimismo, nuestro esp\u00edritu festivo, nuestra capacidad de re\u00edr y recuperarnos de la desgracia.\u00a0<\/div>\n<div> \tL@s extranjer@s que nos visitan alucinan con la calidez humana que emanamos, llegan de turistas y luego quieren quedarse a pesar de lo complejo de nuestros conflictos, logran leer que somos un pueblo lleno de esperanza. Con ganas de ser felices y con una inconmensurable capacidad de amar pero terminamos haci\u00e9ndole el juego al odio que los Medios de Comunicaci\u00f3n atizan para seguir llenando de oro sus arcas a costa de la felicidad de una naci\u00f3n por los intereses de unos pocos que &ldquo;tienen mucho&rdquo; como reza la l\u00facida caricatura de Quino en voz del personaje de Libertad:&hellip;\u00a0<\/div>\n<div> \t\u00a0<\/div>\n<div> \t&ldquo;Para m\u00ed lo que est\u00e1 mal es que unos pocos tienen mucho, muchos tienen poco y algunos no tienen nada, si esos algunos que no tienen nada tuvieran algo de lo poco que tienen los muchos que tienen poco&hellip; y si los muchos que tienen poco tuvieran un poco de lo mucho que tienen los pocos que tienen mucho, habr\u00eda menos l\u00edos&hellip; pero nadie hace mucho, por no decir nada para mejorar un poco algo tan simple.&rdquo;<\/div>\n<div> \t\u00a0<\/div>\n<p> \t<span class=\"gD\" email=\"clarenamarin@yahoo.es\" name=\"clarena marin\" style=\"font-size: 13.333333969116211px; font-weight: bold; white-space: nowrap; display: inline; vertical-align: top; font-family: arial, sans-serif; \">Por: Clarena Marin<\/span><span style=\"font-family: arial, sans-serif; font-size: 13.333333969116211px; white-space: nowrap; \">\u00a0<\/span><span class=\"go\" style=\"vertical-align: top; color: rgb(85, 85, 85); font-family: arial, sans-serif; font-size: 13.333333969116211px; white-space: nowrap; \">clarenamarin@yahoo.es<\/span><\/p>\n","protected":false},"excerpt":{"rendered":"<p>Personalmente pienso que la objetividad es un concepto c\u00f3modo para eludir responsabilidades; pero sobre todo una eficaz manera de camuflar la manipulaci\u00f3n de la que hacen uso \u00e9stos, para favorecer intereses privados [&hellip;]<\/p>\n","protected":false},"author":2,"featured_media":0,"comment_status":"open","ping_status":"open","sticky":false,"template":"","format":"standard","meta":[],"categories":[61],"tags":[],"_links":{"self":[{"href":"https:\/\/tejidohistorico.afrodescendientes.com\/index.php\/wp-json\/wp\/v2\/posts\/4371"}],"collection":[{"href":"https:\/\/tejidohistorico.afrodescendientes.com\/index.php\/wp-json\/wp\/v2\/posts"}],"about":[{"href":"https:\/\/tejidohistorico.afrodescendientes.com\/index.php\/wp-json\/wp\/v2\/types\/post"}],"author":[{"embeddable":true,"href":"https:\/\/tejidohistorico.afrodescendientes.com\/index.php\/wp-json\/wp\/v2\/users\/2"}],"replies":[{"embeddable":true,"href":"https:\/\/tejidohistorico.afrodescendientes.com\/index.php\/wp-json\/wp\/v2\/comments?post=4371"}],"version-history":[{"count":0,"href":"https:\/\/tejidohistorico.afrodescendientes.com\/index.php\/wp-json\/wp\/v2\/posts\/4371\/revisions"}],"wp:attachment":[{"href":"https:\/\/tejidohistorico.afrodescendientes.com\/index.php\/wp-json\/wp\/v2\/media?parent=4371"}],"wp:term":[{"taxonomy":"category","embeddable":true,"href":"https:\/\/tejidohistorico.afrodescendientes.com\/index.php\/wp-json\/wp\/v2\/categories?post=4371"},{"taxonomy":"post_tag","embeddable":true,"href":"https:\/\/tejidohistorico.afrodescendientes.com\/index.php\/wp-json\/wp\/v2\/tags?post=4371"}],"curies":[{"name":"wp","href":"https:\/\/api.w.org\/{rel}","templated":true}]}}