{"id":4419,"date":"2012-08-22T23:04:51","date_gmt":"2012-08-22T23:04:51","guid":{"rendered":"http:\/\/www2.nasaacin.org\/index.php\/2012\/08\/22\/se-disculpan-por-las-victimas-pero-nos-siguen-matando\/"},"modified":"2012-08-22T23:04:51","modified_gmt":"2012-08-22T23:04:51","slug":"se-disculpan-por-las-victimas-pero-nos-siguen-matando","status":"publish","type":"post","link":"https:\/\/tejidohistorico.afrodescendientes.com\/index.php\/2012\/08\/22\/se-disculpan-por-las-victimas-pero-nos-siguen-matando\/","title":{"rendered":"Se disculpan por las v\u00edctimas pero nos siguen matando"},"content":{"rendered":"<\/p>\n<div> \t&ldquo;Se bajaron de la moto y se resguardaron en la carretera, y ah\u00ed fue donde le dieron al ni\u00f1o&rdquo;. Efra\u00edn Silva Julicue, fue asesinado por una esquirla que le cay\u00f3 en el pecho despu\u00e9s de que explot\u00f3 una granada que fue lanzada por el ej\u00e9rcito colombiano, en las horas de la tarde del d\u00eda 21 de agosto del 2012 en la vereda El Venadillo que limita con el Resguardo de Huellas &#8211; Caloto.\u00a0<\/div>\n<p>  <!--more-->  <\/p>\n<div> \t\u00a0<\/div>\n<p> \t<img alt=\"alt\" src=\"http:\/\/www.nasaacin.org\/images\/stories\/foto nio credo.jpg\" style=\"float: left; margin: 5px; \" \/><\/p>\n<div> \tEfra\u00edn Silva Julicue, estaba estudiando en el Centro Educativo El Pedregal, sede Guasan\u00f3, estaba cursando el grado s\u00e9ptimo del bachillerato, ten\u00eda 15 a\u00f1os, \u00e9l ten\u00eda dos hermanas y dos hermanos que viven en la vereda El Credo del Resguardo de Huellas &ndash; Caloto. La familia Silva Julicue, qued\u00f3 con cuatro hijos que se sostienen de los cultivos del caf\u00e9, pl\u00e1tano y yuca, cuando no hay nada tienen que jornalear en verano pero cuando vuelve el invierno siguen el trabajo en la finca.\u00a0<\/div>\n<div> \t\u00a0<\/div>\n<div> \tEfra\u00edn sali\u00f3 junto a su pap\u00e1, para el Palo &ndash; Caloto en su moto, ellos iban a sacar unas fotocopias que requer\u00edan para los estudios de Efra\u00edn. &ldquo;Nosotros \u00edbamos para El Palo &ndash; Caloto, nos toc\u00f3 que orillar la moto y tirarnos ah\u00ed, yo me alcance a cubrir en una trincherita, ah\u00ed tiraron una granada cerca de \u00e9l y el hijo estaba m\u00e1s adentrico y le cay\u00f3 una esquirla en su pecho, el hijo qued\u00f3 herido y como el ej\u00e9rcito ven\u00eda subiendo y de pronto me lo quitaban yo me lo traje y ac\u00e1 acabo de morir&rdquo;, expres\u00f3 con resignaci\u00f3n Antonio Silva. \u00a0<\/div>\n<div> \t\u00a0<\/div>\n<div> \tHace un a\u00f1o, el d\u00eda 16 de septiembre del 2011, fue asesinada <a href=\"http:\/\/www.nasaacin.org\/contexto-colombiano\/2697-cauca-que-sea-la-ultima-nina-que-muera-en-el-coflicto-armado\">Maryi Vanesa Coicu\u00e9<\/a>, por esquirlas de una bomba que fue lanzada por las milicias de las FARC. Ese d\u00eda la comunidad del norte del Cauca exigi\u00f3 que no arremetan contra las ni\u00f1as y los ni\u00f1os en este conflicto armado que han tra\u00eddo a nuestro territorio. Pero Maryi no ha sido la \u00fanica, al contrario han ca\u00eddo m\u00e1s ni\u00f1os inocentes en esta guerra, \u00a1hasta cu\u00e1ndo! No queremos que nuestros ni\u00f1os, mayores, j\u00f3venes y mujeres sigan siendo blancos de la guerra.\u00a0<\/div>\n<div> \t\u00a0<\/div>\n<div> \tLa vida de Efra\u00edn se apag\u00f3 por una esquirla de una granada que fue lanzada por el ej\u00e9rcito colombiano, don Antonio, su padre, se salv\u00f3 de milagro, &ldquo;el ej\u00e9rcito comenz\u00f3 a rafaguiar y a lanzar granadas porque vieron que nosotros nos recostamos en el barranco&hellip;fue del lado del ej\u00e9rcito que cay\u00f3 la granada porque estaban cerca de una casa y de esa direcci\u00f3n cay\u00f3 la granada y la guerrilla estaba del otro lado&hellip; cuando mi hijo cay\u00f3, \u00e9l estaba gateando, yo fui y lo arrastre en medio de las r\u00e1fagas de balas, me toc\u00f3 traerlo por la orilla y nadie me ayud\u00f3, yo lo sub\u00ed en la moto y lo traje m\u00e1s adelante, a la vereda El pajarito del resguardo de Huellas &ndash; Caloto, yo pens\u00e9 que se iba a revivir&rdquo;, dijo muy dolido <a href=\"http:\/\/www.podcaster.cl\/wp-content\/uploads\/2012\/08\/testimonio-padre-joven-efrain-silva-julicue-de-15-anos-acesinado-22-08-2012.mp3\">Antonio Silva<\/a>.<\/div>\n<div> \t\u00a0<\/div>\n<div> \tCon todas estas muertes solo queda claro que en Colombia, la guerra es una excusa para que contin\u00fae imponi\u00e9ndose el &ldquo;Modelo Colombia&rdquo; &ndash; Plan Colombia. Una combinaci\u00f3n espec\u00edfica de terror, propaganda y pol\u00edticas (tratados al servicio del Libre Comercio). La raz\u00f3n de ser del Estado en Colombia es impulsar esta &lsquo;liberaci\u00f3n&rsquo; de territorios, riquezas, mercados, ahorros y trabajo para las transnacionales.<\/div>\n<div> \t\u00a0<\/div>\n<div> \tEste &ldquo;Modelo Colombia&rdquo; es ahora la f\u00f3rmula de usurpaci\u00f3n que se aplica a otros pa\u00edses que ya se han puesto en la mira de los explotadores. Este modelo se ha extendido a pa\u00edses como M\u00e9xico, Paraguay, Per\u00fa, Honduras, Guatemala, Bolivia, Ecuador, Brasil, Chile, Argentina. Siempre imponi\u00e9ndose con el terror.<\/div>\n<div> \t\u00a0<\/div>\n<div> \tLa resistencia ind\u00edgena del Cauca sigue pero no podemos<a href=\"http:\/\/www.nasaacin.org\/contexto-colombiano\/4581-acuerdos\"> caer el juego de los discursos y promesas falsas<\/a> del gobierno colombiano porque las pol\u00edticas del capital se imponen a\u00f1o tras a\u00f1o y cada vez se agudiza m\u00e1s el monstruo del saqueo de las trasnacionales que quieren adue\u00f1arse de nuestros territorios, de nuestros planes de vida, de nuestros sue\u00f1os y de la vida toda.<\/div>\n<div> \t\u00a0<\/div>\n<div> \tDebemos continuar con la lucha contra el modelo econ\u00f3mico y contra todo lo que atente contra la vida. Al pedirle un mensaje en medio de esta guerra a don Antonio, padre de Efra\u00edn, su respuesta es un silencio de impotencia, un silencio de dolor y un silencio con l\u00e1grimas. Acompa\u00f1amos a la familia Silva Julicue y a todas las familias v\u00edctimas del conflicto armado que vive el Cauca y Colombia.<\/div>\n<div> \t\u00a0<\/div>\n<div> \t<strong>Tejido de Comunicaci\u00f3n &#8211; ACIN<\/strong><\/div>\n<div> \ttejidocomunicacion@gmail.com<\/div>\n<div> \t\u00a0<\/div>\n<div>\n<div> \t\t<span style=\"color:#a52a2a;\"><strong>Ils demandent pardon aux victimes mais continuent de tuer (Traducido al Franc\u00e9s)<\/strong><\/span><\/div>\n<div> \t\t\u00ab Ils sont descendus de la moto et se sont r\u00e9fugi\u00e9s sur le bord de la route, et c&#8217;est l\u00e0 qu&#8217;ils ont tir\u00e9 sur l&#8217;enfant \u00bb. Efrain Silva Julicue, a \u00e9t\u00e9 assassin\u00e9, touch\u00e9 par un fragment d&#8217;une grenade lanc\u00e9e par l&#8217;arm\u00e9e colombienne, dans l&#8217;apr\u00e8s-midi du mardi 21 ao\u00fbt 2012, \u00e0 El Venadillo, en limite du Resguardo de Huellas-Caloto. <a href=\"http:\/\/www.nasaacin.org\/documentos-nasaacin\/4598-ils-demandent-pardon-aux-victimes-mais-continuent-de-tuer\">http:\/\/www.nasaacin.org\/documentos-nasaacin\/4598-ils-demandent-pardon-aux-victimes-mais-continuent-de-tuer<\/a><\/div>\n<\/p><\/div>\n<p> \t\u00a0<\/p>\n","protected":false},"excerpt":{"rendered":"<p>&ldquo;Se bajaron de la moto y se resguardaron en la carretera, y ah\u00ed fue donde le dieron al ni\u00f1o&rdquo;. Efra\u00edn Silva Julicue, fue asesinado por una esquirla que le cay\u00f3 en el [&hellip;]<\/p>\n","protected":false},"author":2,"featured_media":0,"comment_status":"open","ping_status":"open","sticky":false,"template":"","format":"standard","meta":[],"categories":[73],"tags":[],"_links":{"self":[{"href":"https:\/\/tejidohistorico.afrodescendientes.com\/index.php\/wp-json\/wp\/v2\/posts\/4419"}],"collection":[{"href":"https:\/\/tejidohistorico.afrodescendientes.com\/index.php\/wp-json\/wp\/v2\/posts"}],"about":[{"href":"https:\/\/tejidohistorico.afrodescendientes.com\/index.php\/wp-json\/wp\/v2\/types\/post"}],"author":[{"embeddable":true,"href":"https:\/\/tejidohistorico.afrodescendientes.com\/index.php\/wp-json\/wp\/v2\/users\/2"}],"replies":[{"embeddable":true,"href":"https:\/\/tejidohistorico.afrodescendientes.com\/index.php\/wp-json\/wp\/v2\/comments?post=4419"}],"version-history":[{"count":0,"href":"https:\/\/tejidohistorico.afrodescendientes.com\/index.php\/wp-json\/wp\/v2\/posts\/4419\/revisions"}],"wp:attachment":[{"href":"https:\/\/tejidohistorico.afrodescendientes.com\/index.php\/wp-json\/wp\/v2\/media?parent=4419"}],"wp:term":[{"taxonomy":"category","embeddable":true,"href":"https:\/\/tejidohistorico.afrodescendientes.com\/index.php\/wp-json\/wp\/v2\/categories?post=4419"},{"taxonomy":"post_tag","embeddable":true,"href":"https:\/\/tejidohistorico.afrodescendientes.com\/index.php\/wp-json\/wp\/v2\/tags?post=4419"}],"curies":[{"name":"wp","href":"https:\/\/api.w.org\/{rel}","templated":true}]}}