{"id":4436,"date":"2012-08-25T18:05:40","date_gmt":"2012-08-25T18:05:40","guid":{"rendered":"http:\/\/www2.nasaacin.org\/index.php\/2012\/08\/25\/los-falsos-positivos-de-la-locomotora-mediatica-en-colombia\/"},"modified":"2012-08-25T18:05:40","modified_gmt":"2012-08-25T18:05:40","slug":"los-falsos-positivos-de-la-locomotora-mediatica-en-colombia","status":"publish","type":"post","link":"https:\/\/tejidohistorico.afrodescendientes.com\/index.php\/2012\/08\/25\/los-falsos-positivos-de-la-locomotora-mediatica-en-colombia\/","title":{"rendered":"Los \u201cfalsos positivos\u201d de la Locomotora Medi\u00e1tica en Colombia"},"content":{"rendered":"<\/p>\n<div> \tEl 10 de agosto de 2012 fuimos testigos de la fortaleza de un proceso hist\u00f3rico que muchos niegan y que pocos reconocen precisamente porque no reconocen nuestro mestizaje con ellos por seguir rindi\u00e9ndole pleites\u00eda a la clase poderosa y par\u00e1sita, cuando en realidad esa marcha deber\u00eda devolvernos el orgullo de nuestra identidad y el anhelo de una soberan\u00eda pol\u00edtica nacional.<\/div>\n<p>  <!--more-->  <\/p>\n<div> \t\u00a0<\/div>\n<div> \tPero el accionar de la fuerza p\u00fablica en el departamento del Cauca &ndash; que han tratado de convertir en gran trinchera caucana- se ha convertido en una cacer\u00eda de brujas, donde la poblaci\u00f3n civil es objeto de sospecha, se\u00f1alamientos y persecuciones. El &ldquo;enemigo&rdquo; no tiene una definici\u00f3n clara, es, por el contrario, amorfo, una categor\u00eda abstracta dentro de la cual puede estar incluido cualquiera de nosotros y por tanto todos somos sospechosos. As\u00ed pues, la orden ha sido tirar a matar sin previa corroboraci\u00f3n de la identidad de quien se ataca, por lo que en el campo de batalla las ametralladoras, los fusiles, las granadas no discriminan la ubicaci\u00f3n de su enemigo, porque este se volvi\u00f3 el objetivo que justifica los medios. Sin embargo, no se trata de una guerra a ciegas, es la estrategia criminal de una &ldquo;polic\u00eda pol\u00edtica&rdquo; que encuentra en el inventario de bajas en combate la legitimidad a una fluctuante pol\u00edtica de seguridad nacional. Fabi\u00e1n G\u00fcetio de 22 a\u00f1os el 18 de julio, <a href=\"http:\/\/periodicovirtual.com\/noticias\/2-cauca-popayan-uno\/4509-sicarios-en-moto-asesinaron-a-una-persona-en-caloto-cauca-y-dejaron-herida-a-dos-mas.html\">Aldemar Pinto<\/a> el 6 de agosto, Lizandro Tenorio Trochez, l\u00edder espiritual el 12 de agosto, Sebasti\u00e1n Ul Secue de 5 a\u00f1os el 16 de agosto, Daniel Valenzuela Mosquera el 14 de agosto, Efra\u00edn Silva Jilcue de 15 a\u00f1os el 21 de agosto, <a href=\"http:\/\/www.radiosantafe.com\/2012\/08\/23\/asesinan-a-2-jovenes-indigenas-en-el-valle\/\">Walter Tomb\u00e9 Maecha y Jhonny Alexander Zuleta Noscu\u00e9<\/a> ambos de 17 a\u00f1os el 21 de agosto a manos de las FARC, y hoy <a href=\"http:\/\/www.noticiascaracol.com\/nacion\/video-273247-otro-menor-de-edad-resulta-herido-toribio-cauca\">una ni\u00f1a<\/a> de 11 a\u00f1os herida en medio de los combates, son las v\u00edctimas sistem\u00e1ticas que ratifican la teatralidad hip\u00f3crita del Estado colombiano en el tratamiento desde\u00f1oso que le ha dado a la agudizaci\u00f3n de la crisis en la regi\u00f3n frente a la exigencia genuina de respeto a la vida y al territorio que los pueblos nativos han hecho a TODOS LOS ACTORES ARMADOS. La jurisdicci\u00f3n especial ind\u00edgena no es un proyecto separatista, es un derecho que por ley se les otorg\u00f3 a estos grupos \u00e9tnicos que constituyen la diversidad cultural de nuestro pa\u00eds. La Guardia Ind\u00edgena encarna ese derecho en el ejercicio de velar por la dignidad y la vida de la poblaci\u00f3n civil que reside en sus territorios, los cuales han sido utilizados como escudos y trincheras para los continuos combates entre izquierda y derecha. Y esa es la raz\u00f3n por la cual el aumento del pie de fuerza p\u00fablica y militar tanto en las cabeceras municipales como en las zonas rurales no ha significado garant\u00eda alguna de seguridad efectiva para la poblaci\u00f3n civil.<\/div>\n<div> \t\u00a0<\/div>\n<div> \t<img alt=\"alt\" src=\"http:\/\/www.nasaacin.org\/images\/stories\/prensacric20122.jpg\" style=\"float: left; margin: 5px; \" \/>Podr\u00edamos atrevernos a decir que los medios en Colombia tambi\u00e9n son una locomotora en tanto que f\u00e1brica de noticias inmediatistas; mientras est\u00e1 prendida la locomotora los sectores de la opini\u00f3n se polarizan en una discordia sugestiva m\u00e1s que en la reflexi\u00f3n o el di\u00e1logo. Televisi\u00f3n, prensa y radio responden al hambre de noticia, pero una noticia sin contexto, donde la tarea de informar est\u00e1 supeditada a la primicia m\u00e1s que a comunicar con veracidad los acontecimientos. Por eso la imagen se nos volvi\u00f3 un fetiche y alrededor de ella se construye literatura al por mayor y se sacan conclusiones expr\u00e9s cuya caducidad se escabulle en lo anecd\u00f3tico de esas noticias reaccionarias. Porque para un p\u00fablico amn\u00e9sico, noticias anecd\u00f3ticas e inmediatas. Los l\u00edderes de opini\u00f3n en este pa\u00eds son quienes abanderan la mezquindad maniquea de la opini\u00f3n p\u00fablica. Hacer figurar su influencia en las redes sociales se ha convertido para aquellos en un motivo mayor de orgullo que generar debates constructivos e incluyentes sobre lo que acontece en el pa\u00eds. Las versiones oficialistas se apoyan en la letra muerta de las leyes, los decretos, las resoluciones que dicen &ldquo;beneficiar o brindar garant\u00edas&rdquo; a las comunidades ind\u00edgenas, pretendiendo con ello envilecer sus demandas con opiniones caprichosas y argumentos ama\u00f1ados. Esa tambi\u00e9n es una forma, c\u00ednica, de ser violentos a\u00fan sin un arma, reproduciendo la indolencia, la intolerancia, el escarnio y el olvido de nuestra propia historia. Somos violentos cuando ignoramos las calamidades de los dem\u00e1s, d\u00e1ndole la espalda a la vida y legitimando, por el contrario, los reg\u00edmenes de la muerte y el terror. Porque el verdadero reconocimiento de nuestra enorme riqueza cultural y \u00e9tnica debe permitirnos fortalecer una identidad colombiana basada en la solidaridad para poder construir juntos un pa\u00eds soberano.\u00a0<\/div>\n<div> \t\u00a0<\/div>\n<div> \tNo obstante y poco a poco, el trabajo investigativo de este proceso hist\u00f3rico que muchos niegan y que pocos reconocen ha logrado desmontar los &ldquo;falsos positivos&rdquo; de la locomotora medi\u00e1tica en Colombia. Resultado de ello son las voces de apoyo de organizaciones, medios, artistas nacionales e internacionales, que se siguen sumando a la lucha ind\u00edgena en el Cauca, lo cual adem\u00e1s ha generado que varios de esos medios hayan ampliado &ndash;mas no rectificado- sus aseveraciones.<\/div>\n<div> \t\u00a0<\/div>\n<div> \tPor <span style=\"font-size:14px;\"><strong>Julie Manuela Mena<\/strong><\/span><\/div>\n<div> \t24 de agosto de 2012<\/div>\n","protected":false},"excerpt":{"rendered":"<p>El 10 de agosto de 2012 fuimos testigos de la fortaleza de un proceso hist\u00f3rico que muchos niegan y que pocos reconocen precisamente porque no reconocen nuestro mestizaje con ellos por seguir [&hellip;]<\/p>\n","protected":false},"author":2,"featured_media":0,"comment_status":"open","ping_status":"open","sticky":false,"template":"","format":"standard","meta":[],"categories":[75],"tags":[],"_links":{"self":[{"href":"https:\/\/tejidohistorico.afrodescendientes.com\/index.php\/wp-json\/wp\/v2\/posts\/4436"}],"collection":[{"href":"https:\/\/tejidohistorico.afrodescendientes.com\/index.php\/wp-json\/wp\/v2\/posts"}],"about":[{"href":"https:\/\/tejidohistorico.afrodescendientes.com\/index.php\/wp-json\/wp\/v2\/types\/post"}],"author":[{"embeddable":true,"href":"https:\/\/tejidohistorico.afrodescendientes.com\/index.php\/wp-json\/wp\/v2\/users\/2"}],"replies":[{"embeddable":true,"href":"https:\/\/tejidohistorico.afrodescendientes.com\/index.php\/wp-json\/wp\/v2\/comments?post=4436"}],"version-history":[{"count":0,"href":"https:\/\/tejidohistorico.afrodescendientes.com\/index.php\/wp-json\/wp\/v2\/posts\/4436\/revisions"}],"wp:attachment":[{"href":"https:\/\/tejidohistorico.afrodescendientes.com\/index.php\/wp-json\/wp\/v2\/media?parent=4436"}],"wp:term":[{"taxonomy":"category","embeddable":true,"href":"https:\/\/tejidohistorico.afrodescendientes.com\/index.php\/wp-json\/wp\/v2\/categories?post=4436"},{"taxonomy":"post_tag","embeddable":true,"href":"https:\/\/tejidohistorico.afrodescendientes.com\/index.php\/wp-json\/wp\/v2\/tags?post=4436"}],"curies":[{"name":"wp","href":"https:\/\/api.w.org\/{rel}","templated":true}]}}