{"id":4512,"date":"2012-09-11T16:01:24","date_gmt":"2012-09-11T16:01:24","guid":{"rendered":"http:\/\/www2.nasaacin.org\/index.php\/2012\/09\/11\/dialogos-farc-estado-una-lectura-estrategica\/"},"modified":"2012-09-11T16:01:24","modified_gmt":"2012-09-11T16:01:24","slug":"dialogos-farc-estado-una-lectura-estrategica","status":"publish","type":"post","link":"https:\/\/tejidohistorico.afrodescendientes.com\/index.php\/2012\/09\/11\/dialogos-farc-estado-una-lectura-estrategica\/","title":{"rendered":"Di\u00e1logos Farc &#8211; Estado, Una lectura estrat\u00e9gica"},"content":{"rendered":"<\/p>\n<div> \tEn realidad es el momento de repartir el bot\u00edn de guerra. Lo que cambi\u00f3 a fuerza de terror y muerte es evidente: las FARC ya no exigen una transformaci\u00f3n estructural del r\u00e9gimen ni luchan contra el modelo. Desde hace un tiempo, es una guerra por reformas, importantes, pero reformas sin alterar el modelo en su aspecto esencial: el &ldquo;Libre Comercio&rdquo;.<\/div>\n<p>  <!--more-->  <\/p>\n<div> \t\u00a0<\/div>\n<div> \tEl pa\u00eds se entrega a las transnacionales y Colombia es la punta de lanza de un proyecto regional transnacional. El proceso de paz en realidad es una tregua y un acuerdo entre grupos armados. Ese acuerdo garantizar\u00e1 en primer lugar una soluci\u00f3n jur\u00eddica a los involucrados, condiciones materiales para la &ldquo;reinserci\u00f3n&rdquo; y, secundariamente, un &ldquo;proceso&rdquo; para hacer reformas a largo plazo (que ninguno tiene intenciones de conseguir). De por medio, hay un bot\u00edn enorme en recursos, territorios, proyectos, etc. Cada bando conseguir\u00e1 en la negociaci\u00f3n una parte. Nadie quiere estar por fuera para no perder su parte.<\/div>\n<div> \t\u00a0<\/div>\n<div> \t<strong>En este contexto y teniendo en cuenta el inmenso cansancio con una guerra contra los pueblos, considero que lo mejor que puede suceder es:<\/strong><\/div>\n<div> \t\u00a0<\/div>\n<div> \t<strong>1.<\/strong> Que firmen (lo m\u00e1s pronto posible y con la menor injerencia externa indispensable) un acuerdo que silencie la guerra entre insurgencia armada y Estado, con las garant\u00edas del caso. No es Paz, pero es el fin de esa guerra.<\/div>\n<div> \t\u00a0<\/div>\n<div> \t<strong>2. <\/strong>Que esto le de ox\u00edgeno a los movimientos y procesos de base para aprovechar que finalmente no son se\u00f1alados por un bando u otro, para movilizarse abiertamente con sus agendas propias y contra el modelo.<\/div>\n<div> \t\u00a0<\/div>\n<div> \t<strong>3.<\/strong> Que quienes desde la llamada &ldquo;sociedad civil&rdquo;, partidos, sindicatos, ONGs que se han aprovechado del proceso y piensan hacerlo para obtener beneficios y parte del bot\u00edn, queden expuestos, a la vista, para que procesos y comunidades puedan distinguir sin esa guerra encima entre &ldquo;nosotros&rdquo; y &ldquo;ellos&rdquo;. Algo que se ha vuelto imposible por la guerra y amenazas. Hacer sus debates y reconocer contradicciones internas para retomar para y desde las bases procesos que ahora son controlados desde dentro y fuera por algunos para meterse en el negocio de esa paz a cambio de prebendas y ofreciendo como contrapartida y carta de negociaci\u00f3n a los pueblos.<\/div>\n<div> \t\u00a0<\/div>\n<div> \t<strong>Esto tendr\u00eda implicaciones estrat\u00e9gicas de fondo y nadie sabe si exista la capacidad y la posibilidad o sabidur\u00eda para que se consoliden.<\/strong><\/div>\n<div> \t\u00a0<\/div>\n<div> \t<strong><img alt=\"alt\" src=\"http:\/\/www.pueblosencamino.org\/images\/donde-estamos\/zzzzzzzzzzzzzzzzzzzzzztu-botin-es-mi-crisis1.jpgw313.jpeg\" style=\"width: 235px; height: 300px; float: left; margin: 5px; \" \/>1.\u00a0<\/strong>La ultraderecha fascista quiere guerra porque all\u00ed se juega su dinero y poder y van a causar terror y da\u00f1o contra el proyecto de Paz de Santos. Con eso, pretenden cerrar espacios para alternativas. Lo \u00fanico que dejan como opciones es la paz de Santos y las FARC-ELN o la guerra de los fascistas. Con ambas gana la derecha, pero con la guerra el bot\u00edn es solamente para los de siempre, con la paz, el bot\u00edn se reparte entre ellos y dirigentes de procesos, ONGs y partidos.<\/div>\n<div> \t\u00a0<\/div>\n<div> \t<strong>2.\u00a0<\/strong>Las izquierdas tradicionales y los partidos quieren participar en la negociaci\u00f3n como si fuera una negociaci\u00f3n para una transformaci\u00f3n del r\u00e9gimen. Esto no es lo que se negocia ni hay condiciones para negociar esto, ni hay capacidad para hacerlo porque en general aceptaron el modelo. Lo \u00fanico que conseguir\u00edan es transformar un proceso que tiene que ser corto y concreto en uno largo y complicado, con lo cual el fracaso es casi inevitable. Que firmen ellos r\u00e1pido y que por fuera de esas mesas, se movilice el pueblo y consolide su agenda contra el modelo y por un pa\u00eds otro que no cabe en esos acuerdos. El fin de la guerra en un lugar y la construcci\u00f3n de la paz en otro. Nadie da se\u00f1as de tener la sabidur\u00eda para reconocer esto. Todos quieren estar en ese circo y participar en un eterno proceso para sacar sus beneficios y nombrar su palabra. La urgencia hoy, a mi juicio, es que Estado y Guerrilla acuerden su paz mientras LA PAZ la construyen los pueblos fuera.<\/div>\n<div> \t\u00a0<\/div>\n<div> \tTodo lo que se pueda hacer para que firmen la paz ya, la paz entre los armados y que por su lado los pueblos construyan su agenda POR FUERA!! consolida una verdad que es indispensable: esa guerra y esa tregua son de ellos y contra los pueblos. La paz de los pueblos viene de abajo y adentro!!!<\/div>\n<div> \t\u00a0<\/div>\n<div> \tpor\u00a0<strong>Manuel Rozental\u2028<\/strong><\/div>\n<div> \t<a href=\"http:\/\/www.pueblosencamino.org\/index.php\/quienes-somos\/lectura-de-contexto\/370-colombia-dialogos-farc-estado-una-lectura-estrategica\">http:\/\/www.pueblosencamino.org\/index.php\/quienes-somos\/lectura-de-contexto\/370-colombia-dialogos-farc-estado-una-lectura-estrategica<\/a><\/div>\n","protected":false},"excerpt":{"rendered":"<p>En realidad es el momento de repartir el bot\u00edn de guerra. Lo que cambi\u00f3 a fuerza de terror y muerte es evidente: las FARC ya no exigen una transformaci\u00f3n estructural del r\u00e9gimen [&hellip;]<\/p>\n","protected":false},"author":2,"featured_media":0,"comment_status":"open","ping_status":"open","sticky":false,"template":"","format":"standard","meta":[],"categories":[75],"tags":[],"_links":{"self":[{"href":"https:\/\/tejidohistorico.afrodescendientes.com\/index.php\/wp-json\/wp\/v2\/posts\/4512"}],"collection":[{"href":"https:\/\/tejidohistorico.afrodescendientes.com\/index.php\/wp-json\/wp\/v2\/posts"}],"about":[{"href":"https:\/\/tejidohistorico.afrodescendientes.com\/index.php\/wp-json\/wp\/v2\/types\/post"}],"author":[{"embeddable":true,"href":"https:\/\/tejidohistorico.afrodescendientes.com\/index.php\/wp-json\/wp\/v2\/users\/2"}],"replies":[{"embeddable":true,"href":"https:\/\/tejidohistorico.afrodescendientes.com\/index.php\/wp-json\/wp\/v2\/comments?post=4512"}],"version-history":[{"count":0,"href":"https:\/\/tejidohistorico.afrodescendientes.com\/index.php\/wp-json\/wp\/v2\/posts\/4512\/revisions"}],"wp:attachment":[{"href":"https:\/\/tejidohistorico.afrodescendientes.com\/index.php\/wp-json\/wp\/v2\/media?parent=4512"}],"wp:term":[{"taxonomy":"category","embeddable":true,"href":"https:\/\/tejidohistorico.afrodescendientes.com\/index.php\/wp-json\/wp\/v2\/categories?post=4512"},{"taxonomy":"post_tag","embeddable":true,"href":"https:\/\/tejidohistorico.afrodescendientes.com\/index.php\/wp-json\/wp\/v2\/tags?post=4512"}],"curies":[{"name":"wp","href":"https:\/\/api.w.org\/{rel}","templated":true}]}}