{"id":4513,"date":"2012-09-11T22:42:13","date_gmt":"2012-09-11T22:42:13","guid":{"rendered":"http:\/\/www2.nasaacin.org\/index.php\/2012\/09\/11\/chile-39-anos-de-neoliberalismo-salvaje\/"},"modified":"2012-09-11T22:42:13","modified_gmt":"2012-09-11T22:42:13","slug":"chile-39-anos-de-neoliberalismo-salvaje","status":"publish","type":"post","link":"https:\/\/tejidohistorico.afrodescendientes.com\/index.php\/2012\/09\/11\/chile-39-anos-de-neoliberalismo-salvaje\/","title":{"rendered":"Chile: 39 a\u00f1os de neoliberalismo salvaje"},"content":{"rendered":"<p> \tEl 39\u00b0 aniversario del golpe militar contra Salvador Allende encuentra Chile en un franco despertar social y pol\u00edtico, tras cuatro d\u00e9cadas de profundo adormecimiento inoculado por la dictadura militar. La feroz represi\u00f3n, casi 4 mil muertos y desaparecidos, decenas de miles de personas encarceladas\/torturadas y centenares de miles de expatriados permitieron al dictador Pinochet implantar la nueva versi\u00f3n neoliberal del capitalismo &ndash;ahora convertida en el catecismo mundial dominante&ndash;, mientras las clases populares estaban imposibilitadas de defender sus derechos y el miedo embargaba a gran parte de la poblaci\u00f3n.<\/p>\n<p>  <!--more-->  <\/p>\n<div> \t\u00a0<\/div>\n<div> \tLa llamada &ldquo;reforma econ\u00f3mica&rdquo; o &ldquo;econom\u00eda social de mercado&rdquo;, concebida para todo el planeta por el Consenso de Washington, la Comisi\u00f3n Trilateral, el Foro de Davos, el Banco Mundial, el Fondo Monetario Internacional, el grupo de Bildelberg, en fin, por todo el poder financiero y econ\u00f3mico mundial que conducen el imperio estadounidense, su furg\u00f3n de cola europeo y las corporaciones transnacionales, fue aplicada por primera vez en el planeta en este pa\u00eds cuando estaba sometido de rodillas, por la fuerza. M\u00e1s tarde esas reformas se expandieron a todo el orbe en lo que com\u00fanmente llaman &ldquo;neoliberalismo&rdquo;, la doctrina econ\u00f3mica neoconservadora del capitalismo mundial contempor\u00e1neo, por lo dem\u00e1s en crisis.<\/div>\n<div> \t\u00a0<\/div>\n<div> \tLos poderes mundiales convirtieron a Chile en una gran m\u00e1quina productora de ganancias extra\u00eddas de la explotaci\u00f3n de recursos naturales, con mano de obra barata hasta hoy sobre-explotada, sin sindicatos ni organizaciones pol\u00edticas que defendieran los intereses populares y nacionales, pero con todas las facilidades otorgadas la dictadura militar no logr\u00f3 atraer grandes capitales extranjeros y se hizo cada vez m\u00e1s impresentable por tantos cr\u00edmenes de lesa humanidad. Pinochet se convirti\u00f3 en un \u00edcono mundial tan deleznable como Hitler.<\/div>\n<div> \t\u00a0<\/div>\n<div> \tUna vez hecho el trabajo sucio, quienes lo instalaron en el poder fraguaron un nuevo plan para sacarlo &ldquo;por las buenas&rdquo;, aunque con peque\u00f1as patadas por debajo de la mesa de negociaci\u00f3n. De nuevo, EEUU, Europa y las transnacionales financiaron, esta vez, a la &ldquo;oposici\u00f3n democr\u00e1tica&rdquo;, subvencionaron diarios y revistas &ndash;que despu\u00e9s abandonaron&ndash;, impulsaron el plebiscito de 1988 y el pa\u00eds comenz\u00f3 a transformarse &ldquo;en la medida de lo posible&rdquo;, tras las elecciones que en 1989 dieron el triunfo a Patricio Aylwin, uno de los m\u00e1s ac\u00e9rrimos enemigos de Allende e influyente factor desestabilizador de su gobierno como jefe del Partido Dem\u00f3crata Cristiano (PDC) y controlador de la mayor\u00eda en un Poder Legislativo que declar\u00f3 ilegal su gobierno leg\u00edtimo.<\/div>\n<div> \t\u00a0<\/div>\n<div> \tLa Concertaci\u00f3n de Partidos por la Democracia, liderada por el PDC, e integrada por el Partido Socialista (PS), el mismo de Allende pero &ldquo;renovado&rdquo; &ndash;como sus s\u00edmiles europeos&ndash;, el Partido Radical Social Dem\u00f3crata (PRSD) y el oportunista Partido Por la Democracia (PPD), creado por Ricardo Lagos sin ideolog\u00eda expl\u00edcita, se afanaron por identificar &ldquo;libertad econ\u00f3mica&rdquo; &ndash;l\u00e9ase neoliberalismo&ndash; con &ldquo;libertad pol\u00edtica&rdquo; y con sus mandantes estadounidense-europeos lograron el flujo de abundante inversi\u00f3n extranjera, manteniendo intactas la estructura jur\u00eddica que garantizan toda clase de granjer\u00edas al gran capital transnacional, las mismas que fueron impuestas a la fuerza por la dictadura.<\/div>\n<div> \t\u00a0<\/div>\n<div> \tEn 20 a\u00f1os de &ldquo;transici\u00f3n a la democracia&rdquo; no hicieron absolutamente nada serio por derogar la Constituci\u00f3n de 1980, el sistema binominal que garantiza la alternancia en el poder a las dos derechas (la Concertaci\u00f3n y la tradicional golpista) al estilo estadounidense, liberalizaron a\u00fan m\u00e1s el ingreso de capitales for\u00e1neos, no tocaron el cobre nacionalizado por Allende y privatizado por Pinochet, mantuvieron intactos los bajos salarios, no repusieron la negociaci\u00f3n colectiva de los trabajadores, etc. Siguieron esquilmando de mil maneras al pueblo trabajador con iniciativas desastrosas como la multitienda La Polar o el sistema de transporte urbano capitalino Transantiago, que elimin\u00f3 a los peque\u00f1os empresarios, dej\u00f3 el negocio en poder de grandes corporaciones locales y extranjeras y cre\u00f3 nuevos sufrimientos a quienes deben concurrir diariamente a trabajar.<\/div>\n<div> \t\u00a0<\/div>\n<div> \tLo que est\u00e1 ocurriendo hoy en un despertar social ciudadano, liderado por los estudiantes, de car\u00e1cter nacional, inspirado por un profundo desprecio a la clase pol\u00edtica, los partidos, el Congreso, los militares, la Iglesia, los grandes medios y casi todos los factores del poder, seg\u00fan lo demuestran las encuestas. Las elecciones municipales del 28 de octubre revelar\u00e1n cu\u00e1les ser\u00e1n los efectos de la medida desesperada por salvar al sistema de c\u00fapulas pol\u00edticas incorporando 5 millones de electores j\u00f3venes al juego pol\u00edtico, con &ldquo;inscripci\u00f3n autom\u00e1tica&rdquo; a los 18 a\u00f1os y &ldquo;voto voluntario&rdquo;, sin castigos pecuniarios para quienes no concurran a las urnas.<\/div>\n<div> \t\u00a0<\/div>\n<div> \tEsta elecci\u00f3n de alcaldes y concejales, no regida por el sistema binominal, dar\u00e1 algunas luces de lo que podr\u00eda ocurrir en las presidenciales 2013. Mientras tanto, los movimientos sociales avanzan buscando su propio camino independiente del sistema pol\u00edtico de partidos. La crisis de liderazgo chileno evoca la situaci\u00f3n de la Venezuela pre-chavista que sali\u00f3 abruptamente de otro adormecimiento de m\u00e1s de 30 a\u00f1os, al despertar con el llamado &ldquo;Caracazo&rdquo; del 27 y 28 de febrero de 1989, cuando un pueblo sin organizaci\u00f3n ni conducci\u00f3n sali\u00f3 a las calles a impetrar sus derechos.<\/div>\n<div> \t\u00a0<\/div>\n<div> \t<strong><span style=\"font-size:14px;\">Ernesto Carmona, <\/span>periodista y escritor chileno.<\/strong><\/div>\n<div> \t<a href=\"http:\/\/alainet.org\/active\/57858\">http:\/\/alainet.org\/active\/57858<\/a><\/div>\n<div> \tALAI AMLATINA, 11\/09\/2012.<\/div>\n<p> \t\u00a0<\/p>\n","protected":false},"excerpt":{"rendered":"<p>El 39\u00b0 aniversario del golpe militar contra Salvador Allende encuentra Chile en un franco despertar social y pol\u00edtico, tras cuatro d\u00e9cadas de profundo adormecimiento inoculado por la dictadura militar. La feroz represi\u00f3n, [&hellip;]<\/p>\n","protected":false},"author":2,"featured_media":0,"comment_status":"open","ping_status":"open","sticky":false,"template":"","format":"standard","meta":[],"categories":[3],"tags":[],"_links":{"self":[{"href":"https:\/\/tejidohistorico.afrodescendientes.com\/index.php\/wp-json\/wp\/v2\/posts\/4513"}],"collection":[{"href":"https:\/\/tejidohistorico.afrodescendientes.com\/index.php\/wp-json\/wp\/v2\/posts"}],"about":[{"href":"https:\/\/tejidohistorico.afrodescendientes.com\/index.php\/wp-json\/wp\/v2\/types\/post"}],"author":[{"embeddable":true,"href":"https:\/\/tejidohistorico.afrodescendientes.com\/index.php\/wp-json\/wp\/v2\/users\/2"}],"replies":[{"embeddable":true,"href":"https:\/\/tejidohistorico.afrodescendientes.com\/index.php\/wp-json\/wp\/v2\/comments?post=4513"}],"version-history":[{"count":0,"href":"https:\/\/tejidohistorico.afrodescendientes.com\/index.php\/wp-json\/wp\/v2\/posts\/4513\/revisions"}],"wp:attachment":[{"href":"https:\/\/tejidohistorico.afrodescendientes.com\/index.php\/wp-json\/wp\/v2\/media?parent=4513"}],"wp:term":[{"taxonomy":"category","embeddable":true,"href":"https:\/\/tejidohistorico.afrodescendientes.com\/index.php\/wp-json\/wp\/v2\/categories?post=4513"},{"taxonomy":"post_tag","embeddable":true,"href":"https:\/\/tejidohistorico.afrodescendientes.com\/index.php\/wp-json\/wp\/v2\/tags?post=4513"}],"curies":[{"name":"wp","href":"https:\/\/api.w.org\/{rel}","templated":true}]}}