{"id":4530,"date":"2012-09-15T00:25:23","date_gmt":"2012-09-15T00:25:23","guid":{"rendered":"http:\/\/www2.nasaacin.org\/index.php\/2012\/09\/15\/piero-dedica-su-musica-al-cauca\/"},"modified":"2012-09-15T00:25:23","modified_gmt":"2012-09-15T00:25:23","slug":"piero-dedica-su-musica-al-cauca","status":"publish","type":"post","link":"https:\/\/tejidohistorico.afrodescendientes.com\/index.php\/2012\/09\/15\/piero-dedica-su-musica-al-cauca\/","title":{"rendered":"Piero dedica su m\u00fasica al Cauca"},"content":{"rendered":"<div> \t<\/div>\n<div> \tCon el apoyo de &ldquo;Somos Cauca&rdquo;, Piero y los grupos musicales de Colombia se presentaron el 8 de septiembre en el teatro Jorge Eliecer Gait\u00e1n &ndash; Bogot\u00e1. Despu\u00e9s de este gran concierto Piero pas\u00f3 para el Cauca, se va a presentar el viernes 14 de septiembre en Popay\u00e1n y el s\u00e1bado 15 de septiembre en Santander de Quilichao &ndash; Cauca.<\/div>\n<p>  <!--more-->  <\/p>\n<div> \t\u00a0<\/div>\n<div> \tPiero lleg\u00f3 desde el d\u00eda martes 11 de septiembre al norte del Cauca, acompa\u00f1ado por la Guardia Ind\u00edgena visit\u00f3 algunos lugares y estuvo en las instalaciones del Tejido de Comunicaci\u00f3n &ndash; ACIN, desde ah\u00ed saludo a la comunidad por medio de los micr\u00f3fonos de Radio Pa\u00b4yumat. \u00a0<\/div>\n<div> \t\u00a0<\/div>\n<div> \t<span style=\"font-size:14px;\"><span style=\"color: rgb(165, 42, 42); \"><strong>&#8220;Uno cuando se va enterando, se va movilizando con lo que pasa&#8221;, Piero.<\/strong><\/span><\/span><\/div>\n<div> \t\u00a0<\/div>\n<div> \t<span style=\"color:#a52a2a;\"><strong>Tejido de Comunicaci\u00f3n: \u00bfPrimero queremos que usted le cuente a la gente qui\u00e9n es Piero?<\/strong><\/span><\/div>\n<div> \t<strong>Piero:<\/strong>\u00a0Es un hombre com\u00fan, como dice una canci\u00f3n por ah\u00ed m\u00eda; con buenas intenciones nada m\u00e1s, despu\u00e9s, uno trata de ser \u00fatil; de darle sentido a la vida y recorrer un camino.<\/div>\n<div> \t\u00a0<\/div>\n<div> \t<span style=\"color:#a52a2a;\"><strong>TC \u00bfEn qu\u00e9 contexto naci\u00f3 la m\u00fasica protesta, particularmente en Argentina?<\/strong><\/span><\/div>\n<div> \t<strong>Piero:<\/strong> Bueno, en mi caso yo cuando me decide a cantar hice una promesa con la gente, porque yo siempre iba a festivales donde iban muchos famosos, yo era nuevo, entonces siempre a los lugares que \u00edbamos estaban llenos. Hasta que un d\u00eda fui a un club y me dicen: &ldquo;est\u00e1 lleno, esta llen\u00edsimo&rdquo;. \u00bfY cu\u00e1nta gente hay? hay como mil personas, \u00bfy qui\u00e9n m\u00e1s viene, alg\u00fan famoso viene y trajo toda esta gente? No!, vos solo, \u00a1ah yo solo! Y ah\u00ed me conmocion\u00e9. Entonces me sub\u00ed muy emocionado al escenario, ah\u00ed tuve una charla con la gente. Sin cantar les dije bueno yo hasta ahora jugaba con la guitarra y con las canciones, pero a partir de hoy, del inter\u00e9s que han puesto ustedes, me voy a dedicar a la m\u00fasica y voy a tratar de ser una vos de ustedes, que ustedes mediante mis canciones se van expresar. Voy a tratar de ser eso. Adem\u00e1s no voy a tomar partida en el hombre. A mi me gusta cantarle al hombre en si, sea de izquierda, de derecha, de arriba, de abajo.Y entonces fue que me retir\u00e9, me puse a estudiar y me dedique a eso.<\/div>\n<div> \t\u00a0<\/div>\n<div> \tY empec\u00e9 a cantar. Cuando sali\u00f3: All\u00e1 en el a\u00f1o 69, lo que hacia al principio eran canciones testimoniales, donde yo dec\u00eda: Juan Boliche, Pedro Nadie, Mi viejo si vos te vas, y La piel cansada de la tarde, toda esa \u00e9poca, que eran como postalitas, postales de la realidad, poco a poco empez\u00f3 a cambiar la realidad. Poco a poco empez\u00f3 a modificarse, empezaron a pasar cosas, empezaron a ver algunos secuestros raros, amenazas, cosas as\u00ed con la gente, que no se sabia, pero que empezaban pasar y uno las pod\u00eda ver si estaba mas o menos atento y bueno lo que hicimos fue a contar las cosas que pasaban.<\/div>\n<div> \t\u00a0<\/div>\n<div> \tLas cosas que pasan: es una canci\u00f3n que habla un poco de eso, de como empezaban a ocurrir cosas. Y decirlas crudamente porque antes hab\u00eda como un concepto de que todo lo que diga el alcalde, el gobernador, el presidente, el cura, el obispo; lo que digan, era palabra santa, era tab\u00fa y nadie pod\u00eda discutir eso y bueno yo discut\u00ed todo, yo ve\u00eda que no era autentico, que era interesado, que hab\u00eda todo un mont\u00f3n de cosas abajo, entonces empec\u00e9 a contarlas. Ah\u00ed cont\u00e9 lo que pensaba de los americanos, cont\u00e9 de lo que pensaba del pueblo, Para el pueblo lo que es del pueblo, que se vallan ellos porque era verdaderamente un atropello as\u00ed con la gente, a eso le llamaron canci\u00f3n de protesta. Ah\u00ed \u00a0estaban: Horacio Guarani, Mercedes Sosa, V\u00edctor Heredia y otros cantantes que m\u00e1s o menos nos identific\u00e1bamos con lo testimonial, con lo que criamos de lo que pasaba.<\/div>\n<div> \t\u00a0<\/div>\n<div> \t<span style=\"color:#a52a2a;\"><strong>TC: \u00bfEn qu\u00e9 se parecen los a\u00f1os dif\u00edciles de la dictadura en Argentina, a los tiempos actuales que viven los pueblos en los rincones de nuestro continente?<\/strong><\/span><\/div>\n<div> \t<strong>Piero:<\/strong> Bueno, a veces cambia el disfraz o cambia la careta, pero siempre pasan las mismas cosas muchas veces. Por ah\u00ed no se usa mas el militar, el golpe de estado y todo eso, se usa la democracia; pero la democracia tambi\u00e9n es algo que es muy insipiente. La democracia no es una palabra en si misma una soluci\u00f3n, la democracia hay que enriquecerla, la democracia hay que alimentarla, la democracia hay que darle toda esa consistencia y todo ese sentido que queremos.<\/div>\n<div> \t\u00a0<\/div>\n<div> \t<span style=\"color:#a52a2a;\"><strong>T C: \u00bfQu\u00e9 opini\u00f3n tiene de la resistencia pac\u00edfica de los pueblos ind\u00edgenas \u00a0y de los procesos sociales de Latinoam\u00e9rica?<\/strong><\/span><\/div>\n<div> \t<strong>Piero: <\/strong>Yo admiro mucho esa resistencia como est\u00e1 llevada, que estando rodeados de armas no se usen las armas. Yo soy pro Gandhi, de toda la vida, a m\u00ed nunca me interes\u00f3 la violencia. La violencia lo que trae es mas violencia y realmente hay mucha valent\u00eda, hay mucho coraz\u00f3n y hay mucho compromisos digamos en la forma que est\u00e1n llevando adelante este duro camino hacia la paz.<\/div>\n<div> \t\u00a0<\/div>\n<div> \t<span style=\"color:#a52a2a;\"><strong>T C: \u00bfQu\u00e9 lo llev\u00f3 a usted manifestar su solidaridad, primero a trav\u00e9s de la carta que nos hizo llegar al Pueblo Nasa y ahora con esta gira de conciertos por la vida?<\/strong><\/span><\/div>\n<div> \t<strong>Piero:<\/strong> Uno cuando se va enterando, se va movilizando con lo que pasa. A mi me mandaron una cantidad de videos muy precarios, pero muy bien hechos. Donde un periodista hablaba un poco con todas las partes: con el campesino, con el ind\u00edgena, con el guardia de la polic\u00eda, o del ej\u00e9rcito o de la misma FARC. \u00c9l fue meti\u00e9ndose por distintos lugares y haciendo hablar a cada uno de ellos. Realmente a m\u00ed me conmovi\u00f3 mucho un mont\u00f3n de cosas que estaban dentro de esos reportajes que hacia este camar\u00f3grafo, este periodista y algo que me conmovi\u00f3 en si terriblemente es un reportaje de un chico de tres a\u00f1os, que le dicen: \u00bfqu\u00e9 es para vos la paz? Y \u00e9l chico era muy despierto, as\u00ed muy vivaracho y \u00e9l dice: &ldquo;no s\u00e9&rdquo;, realmente no la conoc\u00eda, no la conoce. \u00bfY qu\u00e9 es para vos la guerra? \u00a1La guerra! &hellip;\u00a1pun, pan, quin, racata pun, pan, malo!. y eso me moviliza a hacer algo, ah que la fama no sea puro cuento y que pueda servir para algo y hacer una visita que yo s\u00e9 que a m\u00e1s de cuatro, a todos esos que vos dec\u00eds que est\u00e1n en el campo trabajando, laborando cosas, haciendo todas las tareas de cada d\u00eda y encima amenazados con una realidad que en cualquier momento eso se rompe. As\u00ed que para ellos es este granito de arena.<\/div>\n<div> \t\u00a0<\/div>\n<div> \t<span style=\"color:#a52a2a;\"><strong>T C: \u00bfQu\u00e9 balance hace del p\u00fablico que asisti\u00f3 al concierto que dio en Bogot\u00e1 el pasado s\u00e1bado?\u00a0<\/strong><\/span><\/div>\n<div> \t<strong>Piero:<\/strong> Estuvimos en el Jorge Eli\u00e9cer Gait\u00e1n, el teatro donde fue el concierto el s\u00e1bado. En dos, tres a\u00f1os, estuvimos cinco, seis veces. Lleno, hermoso, la gente m\u00e1s sensible, la gente que se identifica con esta causa, fue la que enseguida ocup\u00f3, llen\u00f3 y rebalso el teatro. Estuvo realmente muy emotivo, muy caliente, muy c\u00e1lido, muy divertido. Nosotros \u00faltimamente si no nos re\u00edmos y lloramos en el concierto es que algo andan mal. Entonces la idea es que realmente compartamos y nos sintamos juntos y haciendo como una comuni\u00f3n. Yo creo que hay un mont\u00f3n de cosas que nos unen y esas cosas se manifiestan, en ese, que se yo; Trencito del Oeste, la gente arm\u00f3 un trencito en medio del teatro y dio vuelta por todo el teatro. Nos divertimos, jugamos, cantamos, lloramos, fue realmente inolvidable.<\/div>\n<div> \t\u00a0<\/div>\n<div> \t<span style=\"color:#a52a2a;\"><strong>T.C: Invite a los oyentes el concierto este viernes en Popay\u00e1n y los que siguen aqu\u00ed en Colombia<\/strong><\/span><\/div>\n<div> \t<strong>Piero:<\/strong>Tanto el de Popay\u00e1n, como el de aqu\u00ed en Santander de Quilichao, son para la gente, son gratuitos, son para que realmente nos podamos sentir bien, en comuni\u00f3n todos juntos y participar de algo, que a veces cuesta participar, porque la gente esta en sus obligaciones y o por ah\u00ed te mura la guerra por televisi\u00f3n, pero no se mete en la cosa misma y donde hace falta esa participaci\u00f3n del ciudadano, o del campesino o del ind\u00edgena. Y ese es un poco la idea de que se vengan, que va a estar buen\u00edsimo, que vamos a unirnos, que vamos a pasarla muy bien, que vamos a concientizarnos mucho m\u00e1s y nos vamos a dar cuenta, que la gran mayor\u00eda no quiere la guerra, que quieren la paz, de todas las formas y cuanto antes.<\/div>\n<div> \t\u00a0<\/div>\n<div> \t<strong><span style=\"color:#a52a2a;\">T C: Un mensaje de vida para todos aquellos que caminan la palabra, para construir esa otra Colombia posible.<\/span><\/strong><\/div>\n<div> \t<strong>Piero: <\/strong>Ahora le hablo a todos ellos, a los que vos dijiste: estudiantes, campesinos, ind\u00edgenas y a todos los que componemos esta sociedad, este Cauca maravilloso y tan castigado, a todos y cada uno de ellos, yo los invito con todo el coraz\u00f3n que cada ma\u00f1ana que cuando abrimos los ojos, nos despertamos agradecemos al Dios que cada uno quiera o crea estar vivos y visualizar. Visualizar tiene un poder muy fuerte. Nosotros tenemos que visualizar desde la misma cama, cuando nos estamos levantando, haciendo nuestros primeros preparativos para ir al trabajo a donde sea, visualizar esa Colombia que queremos en paz, esa Colombia ideal, esa Colombia normal, esa Colombia llena de chicos en la escuela, de gente progresando, de gente maravillosa que realmente no tiene por ah\u00ed las armas o lo que necesita para crecer, para capacitarse, para estudiar. Y realmente visualizar el ideal, como nos gustar\u00eda, cada uno de donde estamos vamos a saber como nos gustar\u00eda. Y a partir de ah\u00ed trabajar para esa paz, estemos en donde estemos trabajando, somos soldados de esa paz. Esta guerra la ganamos recibiendo lo que damos, esta guerra la perdemos si alg\u00fan d\u00eda somos menos, somos mucho, somos pocos, somos dos, somos Dios, esta guerra la ganamos con vos.<\/div>\n<div> \t\u00a0<\/div>\n<div> \t<strong><span style=\"color:#a52a2a;\">TC: Reg\u00e1lenos una estrofa de la canci\u00f3n las cosas que pasan.<\/span><\/strong><\/div>\n<div> \t\u00a0<\/div>\n<div> \t<strong>Piero:<\/strong><\/div>\n<div> \t\u00a0<\/div>\n<div> \tQue lindo era sentarse en la mesa de un bar,<\/div>\n<div> \ty ver a Buenos Aires pasar y pasar&#8230;\u00a0<\/div>\n<div> \tPasa un cartero en bicicleta\u00a0<\/div>\n<div> \tcon telegramas color violeta\u00a0<\/div>\n<div> \tUn patrullero de la polic\u00eda que busca a un chorro hace 15 d\u00edas\u00a0<\/div>\n<div> \t\u00a0<\/div>\n<div> \tPasa el lechero con cara de nada\u00a0<\/div>\n<div> \tvendiendo leche contaminada\u00a0<\/div>\n<div> \tUn escribano serio y cerrado\u00a0<\/div>\n<div> \ttir\u00e1ndole besos a un abogado\u00a0<\/div>\n<div> \tPasa un pol\u00edtico con paso corto a\u00f1orando\u00a0<\/div>\n<div> \tel congreso con aire absorto\u00a0<\/div>\n<div> \t\u00a0<\/div>\n<div> \tPasa un vampiro buscando una mina,\u00a0<\/div>\n<div> \tpero lo violan pasando la esquina&hellip;&hellip;&#8230;<\/div>\n<div> \t\u00a0<\/div>\n<div> \tBueno esa la tienen y la conocen, pero ya que me pediste esto; hay como una especie de continuaci\u00f3n de esa canci\u00f3n. Porque nosotros, en mi caso normalmente; uno le pega al gobierno de turno porque no tiene que ser muy original para pegarle, porque hay mil flancos, mil cosas que hacen mal, que no hay sensibilidad muchas veces, que se hacen barbarie, que no se mira la pir\u00e1mide de abajo para arriba, siempre se reparte de arriba para abajo y a veces queda algo para abajo. Pero tambi\u00e9n hay una responsabilidad nuestra, del ciudadano com\u00fan, que permite, que omite, que vota a tal persona, que realmente al sentir mucha cosa esta facilitando este progreso, en ves de estar en guardia y tratar de elegir lo mejor posible, de ser coherente de lo que se dice, de lo que se hace y de lo que se cree. Les voy a cantar un pedacito no se si me voy acordar de la letra, porque es muy nueva. Se llama &ldquo;Avisos calcificados&rdquo;, en esa tenemos que ver todos, no solo el gobierno.<\/div>\n<div> \t\u00a0<\/div>\n<div> \tAvisos clasificados; a quien pueda interesar\u00a0<\/div>\n<div> \tSi vende o me quiere cambiar, progreso por seres humanos\u00a0<\/div>\n<div> \tAvisos clasificados, aprovechen este fest\u00edn;<\/div>\n<div> \tTe cambian el bosque o el campo, por soya hasta en el jard\u00edn.\u00a0<\/div>\n<div> \t\u00a0<\/div>\n<div> \tSe vende la honestidad, se cambia por un ladr\u00f3n,\u00a0<\/div>\n<div> \tTambi\u00e9n vendo la verdad, por medio de informaci\u00f3n.<\/div>\n<div> \tArbolito, por un toldo, cambio lluvia por desierto<\/div>\n<div> \t\u00a0Vendo un pa\u00eds, por petr\u00f3leo. \u00a0M\u00fasica, por ruido el\u00e9ctrico.\u00a0<\/div>\n<div> \tCambio a mi madre y mi abuelo, \u00a0por una cirug\u00eda pl\u00e1stica.<\/div>\n<div> \tAndo cambiando el anzuelo, por una sardina en lata.<\/div>\n<div> \tY por botas de vaquero, te cambio las alpargatas.<\/div>\n<div> \t\u00a0<\/div>\n<div> \tVendo la revoluci\u00f3n, por un partido y un cargo. \u00a0<\/div>\n<div> \tDignidad por ambici\u00f3n, amigo por funcionario.<\/div>\n<div> \tCambio a Dios, por una iglesia,\u00a0<\/div>\n<div> \tAsombro, por religi\u00f3n, abrazo por competencia.\u00a0<\/div>\n<div> \tNi\u00f1o, por televisi\u00f3n.\u00a0<\/div>\n<div> \tNo me sirve en el negocio, vendo consideraci\u00f3n.<\/div>\n<div> \tCambio militante y socio, por adulante y traidor.<\/div>\n<div> \tTodo un pueblo festejando, por un brindis de sal\u00f3n. \u00a0<\/div>\n<div> \t\u00a0<\/div>\n<div> \tAvisos clasificados, all\u00e1 arriba le gusta anunciar,<\/div>\n<div> \tSe cambia un planeta de hermanos, por algo de guerra nuclear.\u00a0<\/div>\n<div> \t\u00a0<\/div>\n<div> \tAvisos clasificados, aprovechen que esta de moda,<\/div>\n<div> \tPor oro, madera \u00a0y uranio, hasta con los indios se vende el Amazonas.<\/div>\n<div> \tCambio ej\u00e9rcito de amor, lo vendo por un cartel,\u00a0<\/div>\n<div> \tTambi\u00e9n vendo Patagonia, la canjeo por poder. \u00a0<\/div>\n<div> \tCambio cumplea\u00f1os de quince, \u00a0por un par de tetas nuevas.<\/div>\n<div> \tGoce natural de sexo, \u00a0por juguete que consuela.<\/div>\n<div> \tCadenitas de medalla, por dos gramos de algo bueno.\u00a0<\/div>\n<div> \tLa memoria y el respeto por la joya del abuelo.<\/div>\n<div> \t\u00a0<\/div>\n<div> \tCambio parto por cesar\u00eda. Tierra, por terrateniente.\u00a0<\/div>\n<div> \tEl calef\u00f3n y la biblia, por tus ojos que no mienten.\u00a0<\/div>\n<div> \tHalloween, por pachamama. El orgullo, por verg\u00fcenza.<\/div>\n<div> \tHipoteco el sentimiento, a cambio de una prebenda.<\/div>\n<div> \tCambio esclavo, por un amo. Mente, por computador.\u00a0<\/div>\n<div> \tAndo vendiendo trabajo, para ser explotador.\u00a0<\/div>\n<div> \tY no evito sin usarlo, quien me compra un coraz\u00f3n.<\/div>\n<div> \t\u00a0<\/div>\n<div> \tCon estas palabras Piero acompa\u00f1\u00f3 al Pueblo Nasa desde Radio Pa\u00b4yumat.<\/div>\n<div> \t\u00a0<\/div>\n<div> \t<span style=\"color:#a52a2a;\"><strong>AUDIOS DE LA ENTREVISTA:<\/strong><\/span><\/div>\n<div> \t1.\u00a0<a href=\"http:\/\/www.podcaster.cl\/wp-content\/uploads\/2012\/09\/1ra-parte-entrevista-piero-tc.mp3\">http:\/\/www.podcaster.cl\/wp-content\/uploads\/2012\/09\/1ra-parte-entrevista-piero-tc.mp3<\/a><\/div>\n<div> \t2.\u00a0<a href=\"http:\/\/www.podcaster.cl\/wp-content\/uploads\/2012\/09\/2da-parte-entrevista-piero.mp3\">http:\/\/www.podcaster.cl\/wp-content\/uploads\/2012\/09\/2da-parte-entrevista-piero.mp3<\/a><\/div>\n<div> \t\u00a0<\/div>\n<div> \t<strong>Tejido de Comunicaci\u00f3n &#8211; ACIN<\/strong><\/div>\n<div> \ttejidocomunicacion@gmail.com<\/div>\n","protected":false},"excerpt":{"rendered":"<p>Con el apoyo de &ldquo;Somos Cauca&rdquo;, Piero y los grupos musicales de Colombia se presentaron el 8 de septiembre en el teatro Jorge Eliecer Gait\u00e1n &ndash; Bogot\u00e1. Despu\u00e9s de este gran concierto [&hellip;]<\/p>\n","protected":false},"author":2,"featured_media":0,"comment_status":"open","ping_status":"open","sticky":false,"template":"","format":"standard","meta":[],"categories":[73],"tags":[],"_links":{"self":[{"href":"https:\/\/tejidohistorico.afrodescendientes.com\/index.php\/wp-json\/wp\/v2\/posts\/4530"}],"collection":[{"href":"https:\/\/tejidohistorico.afrodescendientes.com\/index.php\/wp-json\/wp\/v2\/posts"}],"about":[{"href":"https:\/\/tejidohistorico.afrodescendientes.com\/index.php\/wp-json\/wp\/v2\/types\/post"}],"author":[{"embeddable":true,"href":"https:\/\/tejidohistorico.afrodescendientes.com\/index.php\/wp-json\/wp\/v2\/users\/2"}],"replies":[{"embeddable":true,"href":"https:\/\/tejidohistorico.afrodescendientes.com\/index.php\/wp-json\/wp\/v2\/comments?post=4530"}],"version-history":[{"count":0,"href":"https:\/\/tejidohistorico.afrodescendientes.com\/index.php\/wp-json\/wp\/v2\/posts\/4530\/revisions"}],"wp:attachment":[{"href":"https:\/\/tejidohistorico.afrodescendientes.com\/index.php\/wp-json\/wp\/v2\/media?parent=4530"}],"wp:term":[{"taxonomy":"category","embeddable":true,"href":"https:\/\/tejidohistorico.afrodescendientes.com\/index.php\/wp-json\/wp\/v2\/categories?post=4530"},{"taxonomy":"post_tag","embeddable":true,"href":"https:\/\/tejidohistorico.afrodescendientes.com\/index.php\/wp-json\/wp\/v2\/tags?post=4530"}],"curies":[{"name":"wp","href":"https:\/\/api.w.org\/{rel}","templated":true}]}}