{"id":4564,"date":"2012-09-24T20:55:04","date_gmt":"2012-09-24T20:55:04","guid":{"rendered":"http:\/\/www2.nasaacin.org\/index.php\/2012\/09\/24\/atentan-contra-la-vida-del-dirigente-indigena-costarricense-sergio-rojas\/"},"modified":"2012-09-24T20:55:04","modified_gmt":"2012-09-24T20:55:04","slug":"atentan-contra-la-vida-del-dirigente-indigena-costarricense-sergio-rojas","status":"publish","type":"post","link":"https:\/\/tejidohistorico.afrodescendientes.com\/index.php\/2012\/09\/24\/atentan-contra-la-vida-del-dirigente-indigena-costarricense-sergio-rojas\/","title":{"rendered":"Atentan contra la vida del dirigente ind\u00edgena costarricense Sergio Rojas"},"content":{"rendered":"<p> \tCosta Rica, el d\u00eda 17 de septiembre. 2012, aproximadamente 5:45 de la tarde, el compa\u00f1ero Sergio Rojas, sufri\u00f3 un atentado contra su vida del cual sali\u00f3 afortunadamente ileso. En el suceso le dispararon en seis ocasiones y se di\u00f3 en el lugar conocido como Cebror de Salitre.<\/p>\n<p>  <!--more-->  <\/p>\n<div> \t\u00a0<\/div>\n<div> \tSergio Rojas, es actualmente el Presidente de la Asociaci\u00f3n de Desarrollo del Territorio Ind\u00edgena de Salitre, miembro del Frente Nacional de Pueblos Ind\u00edgenas (FRENAPI) y cuenta con una gran trayectoria de lucha en defensa de los Derechos de los Pueblos Ind\u00edgenas en Costa Rica.<\/div>\n<div> \t\u00a0<\/div>\n<div> \tEste hecho -que se suma a otros de violencia, contra hermanos y hermanas ind\u00edgenas del Cant\u00f3n de Buenos Aires, en el \u00faltimo a\u00f1o- se da poco tiempo despu\u00e9s de que la Municipalidad declarara &#8220;non grato&#8221; al compa\u00f1ero Sergio Rojas , el pasado 11 de agosto, en clara complicidad con los intereses de finqueros que mantienen tierras de forma ilegal dentro de los Territorios Ind\u00edgenas.\u00a0<\/div>\n<div> \t\u00a0<\/div>\n<div> \tDesde la Coordinadora de Lucha Sur Sur, la Coordinadora Norte Tierra y Libertad y Dits\u00f6, nos solidarizamos con el compa\u00f1ero Sergio, repudiamos la actuaci\u00f3n servil de la Municipalidad de Buenos Aires v condenamos este hecho que es producto de las profundas desigualdades hist\u00f3ricas y del matonismo de grup\u00fasculos politiqueros y empresariales del Cant\u00f3n de Buenos Aires, que ven amenazados sus intereses ante el proceso de lucha que vienen llevando las comunidades ind\u00edgenas en defensa de sus territorios y cultura.<\/div>\n<div> \t\u00a0<\/div>\n<div> \t<a href=\"http:\/\/ditso.blogspot.com\/2012\/09\/atentan-contra-la-vida-del-dirigente.html\">http:\/\/ditso.blogspot.com\/2012\/09\/atentan-contra-la-vida-del-dirigente.html<\/a><\/div>\n","protected":false},"excerpt":{"rendered":"<p>Costa Rica, el d\u00eda 17 de septiembre. 2012, aproximadamente 5:45 de la tarde, el compa\u00f1ero Sergio Rojas, sufri\u00f3 un atentado contra su vida del cual sali\u00f3 afortunadamente ileso. En el suceso le [&hellip;]<\/p>\n","protected":false},"author":2,"featured_media":0,"comment_status":"open","ping_status":"open","sticky":false,"template":"","format":"standard","meta":[],"categories":[3],"tags":[],"_links":{"self":[{"href":"https:\/\/tejidohistorico.afrodescendientes.com\/index.php\/wp-json\/wp\/v2\/posts\/4564"}],"collection":[{"href":"https:\/\/tejidohistorico.afrodescendientes.com\/index.php\/wp-json\/wp\/v2\/posts"}],"about":[{"href":"https:\/\/tejidohistorico.afrodescendientes.com\/index.php\/wp-json\/wp\/v2\/types\/post"}],"author":[{"embeddable":true,"href":"https:\/\/tejidohistorico.afrodescendientes.com\/index.php\/wp-json\/wp\/v2\/users\/2"}],"replies":[{"embeddable":true,"href":"https:\/\/tejidohistorico.afrodescendientes.com\/index.php\/wp-json\/wp\/v2\/comments?post=4564"}],"version-history":[{"count":0,"href":"https:\/\/tejidohistorico.afrodescendientes.com\/index.php\/wp-json\/wp\/v2\/posts\/4564\/revisions"}],"wp:attachment":[{"href":"https:\/\/tejidohistorico.afrodescendientes.com\/index.php\/wp-json\/wp\/v2\/media?parent=4564"}],"wp:term":[{"taxonomy":"category","embeddable":true,"href":"https:\/\/tejidohistorico.afrodescendientes.com\/index.php\/wp-json\/wp\/v2\/categories?post=4564"},{"taxonomy":"post_tag","embeddable":true,"href":"https:\/\/tejidohistorico.afrodescendientes.com\/index.php\/wp-json\/wp\/v2\/tags?post=4564"}],"curies":[{"name":"wp","href":"https:\/\/api.w.org\/{rel}","templated":true}]}}