{"id":4576,"date":"2012-09-25T17:08:58","date_gmt":"2012-09-25T17:08:58","guid":{"rendered":"http:\/\/www2.nasaacin.org\/index.php\/2012\/09\/25\/cauca-convocatoria-a-la-minga-de-resistencia-de-las-mujeres229\/"},"modified":"2012-09-25T17:08:58","modified_gmt":"2012-09-25T17:08:58","slug":"cauca-convocatoria-a-la-minga-de-resistencia-de-las-mujeres229","status":"publish","type":"post","link":"https:\/\/tejidohistorico.afrodescendientes.com\/index.php\/2012\/09\/25\/cauca-convocatoria-a-la-minga-de-resistencia-de-las-mujeres229\/","title":{"rendered":"Cauca: Convocatoria a la minga de resistencia de las mujeres"},"content":{"rendered":"<div> \t<\/div>\n<div> \tMujeres ind\u00edgenas en defensa de la vida y rechazo a la guerra.\u00a027 Septiembre del 2012.\u00a0Caloto &#8211; Corinto &#8211; Miranda.\u00a0Las mujeres ind\u00edgenas dadoras de vida sentimos en nuestros corazones profundo dolor, pues la guerra est\u00e1 acabando con la vida y lesionando la dignidad de nuestro pueblo.\u00a0<\/div>\n<p>  <!--more-->  <\/p>\n<div> \t\u00a0<\/div>\n<div> \tVemos con tristeza e indignaci\u00f3n que nuestros ni\u00f1os, ni\u00f1as, adolescentes y j\u00f3venes sean asesinados, matando nuestra semilla y nuestra esperanza. En los \u00faltimos quince d\u00edas son asesinados seis ni\u00f1os, nuestros Mayores Lisandro Tenorio y Jaime Mestizo tambi\u00e9n fueron cobardemente asesinados, esto amenaza nuestra sabidur\u00eda y espiritualidad. Mujeres y hombres constructores de paz, nuestros guardias ind\u00edgenas y l\u00edderes tambi\u00e9n somos v\u00edctimas de la arrogancia y de la absurda creencia que la guerra es una posibilidad para construir la paz.\u00a0<\/div>\n<div> \tEstamos cansadas, indignadas porque nuestros hijos muertos se suman a lista de &lsquo;&lsquo;Errores militares &ldquo;o &lsquo;&lsquo;Efectos colaterales del conflicto&lsquo;&lsquo;, que quedan en la impunidad. No es suficiente pedir perd\u00f3n por las victimas ind\u00edgenas del conflicto armado, necesitamos hechos concretos que muestren una real voluntad para superar este conflicto social y armado que nos permita construir un pa\u00eds donde todas y todos podamos expresarnos y vivir con dignidad.\u00a0<\/div>\n<div> \t\u00a0<\/div>\n<div> \tComo parte del movimiento ind\u00edgena reiteramos nuestra posici\u00f3n de autonom\u00eda, de rechazo a la guerra, a todos los actores armados, a la militarizaci\u00f3n de nuestros territorios ancestrales, a que nuestros ni\u00f1os y ni\u00f1as sean reclutados, a que como mujeres se nos use como bot\u00edn de guerra, a la invasi\u00f3n de las multinacionales. Rechazamos el proyecto revolucionario de la FARC y el proyecto de la prosperidad democr\u00e1tica del GOBIERNO, ambos a costa de nuestra sangre.\u00a0<\/div>\n<div> \t\u00a0<\/div>\n<div> \tComo mujeres, igualmente nos mantendremos en movilizaci\u00f3n permanente en defensa de la vida y la autonom\u00eda de los pueblos. Las mujeres tenemos el legado de la Cacica Gaitana y de la Cacica Mar\u00eda Mandiguagua. La fuerza que nos anima es la fuerza de la madre tierra es el deseo de hacer de nuestra comunidad, una comunidad que pueda vivir con dignidad, con justicia, en Paz y armon\u00eda entre pueblos y con la naturaleza.\u00a0<\/div>\n<div> \t\u00a0<\/div>\n<div> \tPor ello este jueves 27 de septiembre del 2012, continuando en el marco del Encuentro nacional de pueblos ind\u00edgenas, 520 a\u00f1os de resistencia en defensa de la madre tierra, las mujeres nos encontraremos en la v\u00eda de Caloto, vereda El Pilamo, hasta el municipio Miranda, pasando por el resguardo de Corinto, para manifestar de manera pac\u00edfica nuestra indignaci\u00f3n y rechazo frente a la violaci\u00f3n del derecho a vivir: el derecho a ser en nuestra familia, a ser en comunidad y a ser en el territorio Para nosotros la vida es sagrada, no podemos volvernos indiferentes, ni acostumbrarnos a la violencia, la guerra no es normal, no debe ser aceptada y no puede ser la \u00fanica opci\u00f3n para los las colombianas-colombianas.\u00a0<\/div>\n<div> \t\u00a0<\/div>\n<div> \tHacemos un llamado de solidaridad a los organismos de Derechos Humanos, a los medios de comunicaci\u00f3n, a las organizaciones sociales, y especialmente a las mujeres de nuestras comunidades, de otros pueblos y sectores para que con nuestra fuerza aportemos en la construcci\u00f3n de caminos para la paz que tanto urge en nuestro pa\u00eds.\u00a0<\/div>\n<div> \t\u00a0<\/div>\n<div> \t&ldquo;CUENTEN CON NOSOTROS PARA LA PAZ NUNCA PARA LA GUERRA&rdquo;<\/div>\n<div> \t\u00a0<\/div>\n<div> \t<span style=\"font-size:14px;\"><strong>MUJERES DADORAS DE VIDA &#8211;\u00a0TEJIDO DEFENSA DE LA VIDA &#8211;\u00a0CXHAB WALA KIWE-ACIN<\/strong><\/span><\/div>\n","protected":false},"excerpt":{"rendered":"<p>Mujeres ind\u00edgenas en defensa de la vida y rechazo a la guerra.\u00a027 Septiembre del 2012.\u00a0Caloto &#8211; Corinto &#8211; Miranda.\u00a0Las mujeres ind\u00edgenas dadoras de vida sentimos en nuestros corazones profundo dolor, pues la [&hellip;]<\/p>\n","protected":false},"author":2,"featured_media":0,"comment_status":"open","ping_status":"open","sticky":false,"template":"","format":"standard","meta":[],"categories":[73],"tags":[],"_links":{"self":[{"href":"https:\/\/tejidohistorico.afrodescendientes.com\/index.php\/wp-json\/wp\/v2\/posts\/4576"}],"collection":[{"href":"https:\/\/tejidohistorico.afrodescendientes.com\/index.php\/wp-json\/wp\/v2\/posts"}],"about":[{"href":"https:\/\/tejidohistorico.afrodescendientes.com\/index.php\/wp-json\/wp\/v2\/types\/post"}],"author":[{"embeddable":true,"href":"https:\/\/tejidohistorico.afrodescendientes.com\/index.php\/wp-json\/wp\/v2\/users\/2"}],"replies":[{"embeddable":true,"href":"https:\/\/tejidohistorico.afrodescendientes.com\/index.php\/wp-json\/wp\/v2\/comments?post=4576"}],"version-history":[{"count":0,"href":"https:\/\/tejidohistorico.afrodescendientes.com\/index.php\/wp-json\/wp\/v2\/posts\/4576\/revisions"}],"wp:attachment":[{"href":"https:\/\/tejidohistorico.afrodescendientes.com\/index.php\/wp-json\/wp\/v2\/media?parent=4576"}],"wp:term":[{"taxonomy":"category","embeddable":true,"href":"https:\/\/tejidohistorico.afrodescendientes.com\/index.php\/wp-json\/wp\/v2\/categories?post=4576"},{"taxonomy":"post_tag","embeddable":true,"href":"https:\/\/tejidohistorico.afrodescendientes.com\/index.php\/wp-json\/wp\/v2\/tags?post=4576"}],"curies":[{"name":"wp","href":"https:\/\/api.w.org\/{rel}","templated":true}]}}