{"id":4589,"date":"2012-09-28T21:12:32","date_gmt":"2012-09-28T21:12:32","guid":{"rendered":"http:\/\/www2.nasaacin.org\/index.php\/2012\/09\/28\/futbol-titulos-y-narcotrafico-en-colombia\/"},"modified":"2012-09-28T21:12:32","modified_gmt":"2012-09-28T21:12:32","slug":"futbol-titulos-y-narcotrafico-en-colombia","status":"publish","type":"post","link":"https:\/\/tejidohistorico.afrodescendientes.com\/index.php\/2012\/09\/28\/futbol-titulos-y-narcotrafico-en-colombia\/","title":{"rendered":"F\u00fatbol, t\u00edtulos y narcotr\u00e1fico en Colombia"},"content":{"rendered":"<p> \tEl f\u00fatbol, como deporte espect\u00e1culo, conlleva una serie de responsabilidades sociales porque con \u00e9l y desde \u00e9l, la sociedad moderna recrea, moldea y exhibe sus conflictos, incertidumbres y hasta sus percepciones alrededor de lo que es, debe y podr\u00eda ser el devenir social de quienes asisten masivamente a los partidos o siguen a sus equipos a trav\u00e9s de la televisi\u00f3n y la radio. Un deporte que incide, sin duda, en las conciencias de dis\u00edmiles ciudadanos, pero de modo especial en las generaciones de j\u00f3venes que ven en los futbolistas, dentro y fuera de la cancha, \u00eddolos a seguir.<\/p>\n","protected":false},"excerpt":{"rendered":"<p>El f\u00fatbol, como deporte espect\u00e1culo, conlleva una serie de responsabilidades sociales porque con \u00e9l y desde \u00e9l, la sociedad moderna recrea, moldea y exhibe sus conflictos, incertidumbres y hasta sus percepciones alrededor [&hellip;]<\/p>\n","protected":false},"author":2,"featured_media":0,"comment_status":"open","ping_status":"open","sticky":false,"template":"","format":"standard","meta":[],"categories":[61],"tags":[],"_links":{"self":[{"href":"https:\/\/tejidohistorico.afrodescendientes.com\/index.php\/wp-json\/wp\/v2\/posts\/4589"}],"collection":[{"href":"https:\/\/tejidohistorico.afrodescendientes.com\/index.php\/wp-json\/wp\/v2\/posts"}],"about":[{"href":"https:\/\/tejidohistorico.afrodescendientes.com\/index.php\/wp-json\/wp\/v2\/types\/post"}],"author":[{"embeddable":true,"href":"https:\/\/tejidohistorico.afrodescendientes.com\/index.php\/wp-json\/wp\/v2\/users\/2"}],"replies":[{"embeddable":true,"href":"https:\/\/tejidohistorico.afrodescendientes.com\/index.php\/wp-json\/wp\/v2\/comments?post=4589"}],"version-history":[{"count":0,"href":"https:\/\/tejidohistorico.afrodescendientes.com\/index.php\/wp-json\/wp\/v2\/posts\/4589\/revisions"}],"wp:attachment":[{"href":"https:\/\/tejidohistorico.afrodescendientes.com\/index.php\/wp-json\/wp\/v2\/media?parent=4589"}],"wp:term":[{"taxonomy":"category","embeddable":true,"href":"https:\/\/tejidohistorico.afrodescendientes.com\/index.php\/wp-json\/wp\/v2\/categories?post=4589"},{"taxonomy":"post_tag","embeddable":true,"href":"https:\/\/tejidohistorico.afrodescendientes.com\/index.php\/wp-json\/wp\/v2\/tags?post=4589"}],"curies":[{"name":"wp","href":"https:\/\/api.w.org\/{rel}","templated":true}]}}