{"id":460,"date":"2010-08-10T22:56:16","date_gmt":"2010-08-10T22:56:16","guid":{"rendered":"http:\/\/www2.nasaacin.org\/index.php\/2010\/08\/10\/la-otra-colombia\/"},"modified":"2010-08-10T22:56:16","modified_gmt":"2010-08-10T22:56:16","slug":"la-otra-colombia","status":"publish","type":"post","link":"https:\/\/tejidohistorico.afrodescendientes.com\/index.php\/2010\/08\/10\/la-otra-colombia\/","title":{"rendered":"La Otra Colombia"},"content":{"rendered":"<div>[ 10\/24\/2008] [ Fuente: <a href=\"http:\/\/www.jornada.unam.mx\/2008\/10\/24\/index.php?section=opinion&amp;article=028a1pol\" target=\"_blank\" rel=\"noopener noreferrer\">La Jornada<\/a> ]  [ Autor: Ra\u00fal Zibechi]<\/div>\n<p><em>En los 516 a\u00f1os  de resistencia, el 12  de octubre pasado comenz\u00f3 la Minga de los Pueblos  que retoma las  decisiones del primer Congreso Itinerante de los Pueblos  por la Vida,  la Alegr\u00eda, la Justicia, la Libertad y la Autonom\u00eda,  realizado en  septiembre de 2004 y del que surgi\u00f3 el Mandato Ind\u00edgena y  Popular&#8230;  <!--more-->  <\/em><\/p>\n<p>\u201cAlgo  nuevo se est\u00e1 cocinando en el pa\u00eds\u201d,  dice Alfredo Molano, periodista y  soci\u00f3logo perseguido por el r\u00e9gimen  uribista por decir lo que ve y  vocear lo que sienten millones de  colombianos para quienes los medios  est\u00e1n cerrados. No lo dice en un  despacho cerrado, sino a cielo abierto  en el Foro de la Solidaridad en  Moravia, barrio pobre de Medell\u00edn  construido sobre una enorme monta\u00f1a  de basura que los desplazados por  las sucesivas guerras convirtieron en  trama urbana, perif\u00e9rica y  resistente, con base en una impresionante  red de solidaridades.<\/p>\n<p><a href=\"http:\/\/nasaacin.org\/noticias.shtml?x=8991\">Ver m\u00e1s&#8230; <\/a><\/p>\n<p>\u00a0<\/p>\n<div><a href=\"http:\/\/nasaacin.org\/noticias.shtml?x=8990\"><strong>Carta de los artistas e intelectuales por la paz de Colombia<\/strong><\/a><\/div>\n<div>[ 10\/23\/2008] [  ]  [ Autor: Fernando Buen Abad Dom\u00ednguez]<\/div>\n<p>Los artistas, escritores e intelectuales  llamamos a conformar una  resistencia por la cultura de la vida, la  tolerancia y la justicia. Si  los ej\u00e9rcitos en pugna quieren la paz, que  detengan el fuego y acepten  un di\u00e1logo honesto, de cara al pa\u00eds y a la  comunidad internacional.<\/p>\n<p> Indignados y dolidos por la guerra que arrasa  al pa\u00eds, por la  continuaci\u00f3n de la barbarie paramilitar, por la infamia  de sus  cementerios clandestinos y sus escuelas de descuartizamiento,  por una  Ley de Justicia y Paz que no es de paz ni de justicia, sino el  premio y  el perd\u00f3n para los peores asesinos en la historia de Colombia y  que,  adem\u00e1s, esconde la verdad, principio y esencia de la justicia;  por los  pol\u00edticos de todo el pa\u00eds que patrocinaron la formaci\u00f3n de esos  grupos  criminales, por la corrupci\u00f3n reinante en el Estado colombiano.<\/p>\n<p><a href=\"http:\/\/nasaacin.org\/noticias.shtml?x=8990\">Ver m\u00e1s&#8230; <\/a><\/p>\n<p>\u00a0<\/p>\n<div><a href=\"http:\/\/nasaacin.org\/noticias.shtml?x=8992\">Saludo al di\u00e1logo entre autoridades nacionales y comunidades ind\u00edgenas<\/a><\/div>\n<div>[ 10\/25\/2008] [  ]  [ Autor: Oficina en Colombia del Alto Comisionado de las Naciones Unidas para los Derechos Humanos]<\/div>\n<p>\u00a0<\/p>\n<p>La Oficina  en Colombia del Alto  Comisionado de las Naciones  Unidas para los Derechos Humanos saluda la  iniciativa de las autoridades  nacionales y los representantes de las  comunidades ind\u00edgenas del pa\u00eds para  encontrar caminos de di\u00e1logo al m\u00e1s  alto nivel. Asimismo, los alienta a  alcanzar acuerdos que permitan  superar las causas coyunturales y estructurales  que subyacen en las  leg\u00edtimas reivindicaciones de los  derechos de las comunidades  ind\u00edgenas.<\/p>\n<p><a href=\"http:\/\/nasaacin.org\/noticias.shtml?x=8992\">Ver m\u00e1s<\/a><\/p>\n","protected":false},"excerpt":{"rendered":"<p>[ 10\/24\/2008] [ Fuente: La Jornada ] [ Autor: Ra\u00fal Zibechi] En los 516 a\u00f1os de resistencia, el 12 de octubre pasado comenz\u00f3 la Minga de los Pueblos que retoma las decisiones [&hellip;]<\/p>\n","protected":false},"author":1,"featured_media":0,"comment_status":"open","ping_status":"open","sticky":false,"template":"","format":"standard","meta":[],"categories":[11],"tags":[],"_links":{"self":[{"href":"https:\/\/tejidohistorico.afrodescendientes.com\/index.php\/wp-json\/wp\/v2\/posts\/460"}],"collection":[{"href":"https:\/\/tejidohistorico.afrodescendientes.com\/index.php\/wp-json\/wp\/v2\/posts"}],"about":[{"href":"https:\/\/tejidohistorico.afrodescendientes.com\/index.php\/wp-json\/wp\/v2\/types\/post"}],"author":[{"embeddable":true,"href":"https:\/\/tejidohistorico.afrodescendientes.com\/index.php\/wp-json\/wp\/v2\/users\/1"}],"replies":[{"embeddable":true,"href":"https:\/\/tejidohistorico.afrodescendientes.com\/index.php\/wp-json\/wp\/v2\/comments?post=460"}],"version-history":[{"count":0,"href":"https:\/\/tejidohistorico.afrodescendientes.com\/index.php\/wp-json\/wp\/v2\/posts\/460\/revisions"}],"wp:attachment":[{"href":"https:\/\/tejidohistorico.afrodescendientes.com\/index.php\/wp-json\/wp\/v2\/media?parent=460"}],"wp:term":[{"taxonomy":"category","embeddable":true,"href":"https:\/\/tejidohistorico.afrodescendientes.com\/index.php\/wp-json\/wp\/v2\/categories?post=460"},{"taxonomy":"post_tag","embeddable":true,"href":"https:\/\/tejidohistorico.afrodescendientes.com\/index.php\/wp-json\/wp\/v2\/tags?post=460"}],"curies":[{"name":"wp","href":"https:\/\/api.w.org\/{rel}","templated":true}]}}