{"id":4601,"date":"2012-10-01T17:48:07","date_gmt":"2012-10-01T17:48:07","guid":{"rendered":"http:\/\/www2.nasaacin.org\/index.php\/2012\/10\/01\/convencionandonos\/"},"modified":"2012-10-01T17:48:07","modified_gmt":"2012-10-01T17:48:07","slug":"convencionandonos","status":"publish","type":"post","link":"https:\/\/tejidohistorico.afrodescendientes.com\/index.php\/2012\/10\/01\/convencionandonos\/","title":{"rendered":"Convencion\u00e1ndonos"},"content":{"rendered":"<div> \t<\/div>\n<div> \tSer\u00e1, ojal\u00e1, una &#8220;buena se\u00f1a&#8221; de estos tiempos, o, hermosamente, un relato de Gustavo Esteva en lengua y tiempos de por venir sobre un convencion\u00e1ndonos hoy en futuro. Sea lo que sea, est\u00e1 en este texto y en lo que sucedi\u00f3 all\u00ed, en Atenco, Contra la Imposici\u00f3n, el por-venir, pero ahora mismo. AS\u00cd S\u00cd!!! &#8220;La ensalada que se cocin\u00f3 en Atenco era de pron\u00f3stico reservado: mezclaba muchas aguas y aceites. Pero en Oaxaca esta gama plural de personas, grupos, organizaciones y movimientos supo sobreponerse a des\u00f3rdenes, gritos y provocaciones para seguir del brazo su camino.&#8221;<\/div>\n<p>  <!--more-->  <\/p>\n<div> \t\u00a0<\/div>\n<div> \tCasi todos los autoconvocados en San Salvador Atenco a la acudieron a Oaxaca el 22 de septiembre. Otros m\u00e1s se les juntaron. Llegaron mil 500 delegados, se repartieron en mesas, discutieron durante dos d\u00edas completos.<\/div>\n<div> \t\u00a0<\/div>\n<div> \tNo fue mero evento: mitote de personas excitadas y discutidoras. Tampoco asamblea de representantes con mandatos claros para negociar acuerdos eficaces. No era &ldquo;conjunto&rdquo;: la mera yuxtaposici\u00f3n de personas y entidades no constituye un sujeto colectivo. No eran meros compa\u00f1eros de viaje, que coincid\u00edan accidentalmente, ni masa de personas aglutinadas por una creencia, l\u00edder o ideolog\u00eda.<\/div>\n<div> \t\u00a0<\/div>\n<div> \t<img alt=\"alt\" src=\"http:\/\/pueblosencamino.org\/images\/asi-si\/atenco_nota.jpg\" style=\"width: 199px; height: 300px; margin: 5px; float: left; \" \/>Quienes asistieron ten\u00edan motivos comunes para estar ah\u00ed, pero posiciones muy diversas. Compart\u00edan un rechazo com\u00fan a la imposici\u00f3n, pero ten\u00edan diversos proyectos, ideales y sue\u00f1os. Los juntaba, m\u00e1s que ninguna otra cosa, la pasi\u00f3n de recorrer juntos este camino en construcci\u00f3n, la compulsi\u00f3n de luchar juntos.<\/div>\n<div> \t\u00a0<\/div>\n<div> \tLas opiniones sobre lo ocurrido est\u00e1n divididas. Mientras unos lamentan lo que ven como fracaso, otros celebran la madurez y astucia de los participantes, por haber logrado cruzar este dif\u00edcil puente del camino. La mayor\u00eda se fue pensando en la tercera convenci\u00f3n, no en abandonar el barco.<\/div>\n<div> \t\u00a0<\/div>\n<div> \tLos escasos representantes del Movimiento Regeneraci\u00f3n Nacional (Morena) no tuvieron eco; enfrentaron por momentos rechazo enconado. Las propuestas reducidas al juego electoral y la gesti\u00f3n institucional no ten\u00edan \u00e9xito. Tampoco lo ten\u00edan los partidarios, a\u00fan m\u00e1s escasos, de la v\u00eda armada o el recurso a la violencia.<\/div>\n<div> \t\u00a0<\/div>\n<div> \tNo era lugar ni momento para un &ldquo;balance pol\u00edtico&rdquo;. No hab\u00eda consensos previos sobre s\u00f3lidos documentos de an\u00e1lisis, como el contrainforme del 132, y no exist\u00edan condiciones para discutirlos o siquiera para leerlos. Menos a\u00fan se pod\u00eda concertar el &ldquo;programa de lucha&rdquo;. No se cumpli\u00f3 el acuerdo de Atenco: realizar asambleas locales y estatales para darle forma. Miles de reuniones, por todas partes, no forjaron a\u00fan consensos sobre qu\u00e9 hacer; en qu\u00e9 consiste resistir la imposici\u00f3n y no reconocer al ileg\u00edtimo; c\u00f3mo encauzar la acci\u00f3n organizada de tantos, tan diversos y tan dispersos.<\/div>\n<div> \t\u00a0<\/div>\n<div> \tCayeron en el vac\u00edo propuestas para impedir la toma de posesi\u00f3n de Pe\u00f1a. Eso no significaba bajar la guardia: se reconoc\u00edan, simplemente, los l\u00edmites de las capacidades actuales. Fue sabio, en ese contexto, acordar que la siguiente reuni\u00f3n se celebre el 2 y 3 de diciembre, en la ciudad de M\u00e9xico. En vez de seguir girando en banda en torno a la toma de posesi\u00f3n podr\u00e1n examinarse resistencias y rebeld\u00edas que ese acto formal enfrentar\u00e1.<\/div>\n<div> \t\u00a0<\/div>\n<div> \tSe reconoc\u00eda la esterilidad y desgaste de marchas y plantones, pero se mantuvieron en el plan de acci\u00f3n para seguir expresando el rechazo a la imposici\u00f3n y oponerse a toda acci\u00f3n institucional que afecte a la gente, como la reforma laboral. No debe crearse la impresi\u00f3n de que todo mundo est\u00e1 de acuerdo o a nadie le importa.<\/div>\n<div> \t\u00a0<\/div>\n<div> \tLa organizaci\u00f3n del debate no era la m\u00e1s adecuada. Tampoco lo era el m\u00e9todo. Toda discusi\u00f3n estaba expuesta a provocaciones y dogmatismos. El ambiente mostraba viejas y nuevas tensiones. Pero aun as\u00ed flu\u00edan libremente y se aprobaban en mesa y plenaria propuestas bien articuladas y sensatas, como la de medios, de las que no hubo muchas.<\/div>\n<div> \t\u00a0<\/div>\n<div> \tPor demasiado tiempo grupos y organizaciones se han dedicado a ver hacia arriba, para conquistar los aparatos gubernamentales o por lo menos presionar al gobierno e influir en su orientaci\u00f3n y pol\u00edticas. Faltan ideas y propuestas cuando se trata, como ahora, de resistir lo que viene de arriba y crear desde abajo alternativas pol\u00edticas. Esta crisis de imaginaci\u00f3n persiste hasta que algunos empiezan a ver hacia abajo y encuentran que los pueblos y la gente ordinaria han estado en eso desde hace tiempo y avanzan paso a paso en la nueva construcci\u00f3n. No se ha logrado a\u00fan llevar a la convenci\u00f3n esos saberes e iniciativas.<\/div>\n<div> \t\u00a0<\/div>\n<div> \tLa ensalada que se cocin\u00f3 en Atenco era de pron\u00f3stico reservado: mezclaba muchas aguas y aceites. Pero en Oaxaca esta gama plural de personas, grupos, organizaciones y movimientos supo sobreponerse a des\u00f3rdenes, gritos y provocaciones para seguir del brazo su camino.<\/div>\n<div> \t\u00a0<\/div>\n<div> \tEn este momento de peligro, cuando la profunda crisis econ\u00f3mica se hace pol\u00edtica, amplios sectores est\u00e1n desmovilizados, intimidados o controlados, a menudo luchando por la supervivencia. Quienes se hallan en alerta, decididos a actuar, padecen el desconcierto que dej\u00f3 la elecci\u00f3n y est\u00e1n lejos del consenso que articular\u00e1 su resistencia y estimular\u00e1 la acci\u00f3n directa. Pero no est\u00e1n quietos. En Oaxaca evitaron con astucia instintiva los riesgos que tomaron y se aprestan a continuar. No es poca cosa. Como tampoco lo es que hayan concluido la turbulenta reuni\u00f3n cantando el himno zapatista, aunque muchos, particularmente los j\u00f3venes, no se lo sab\u00edan&hellip;<\/div>\n<div> \t\u00a0<\/div>\n<div> \t<strong>Gustavo Esteva<\/strong><\/div>\n<div> \tLa Jornada, M\u00e9xico<\/div>\n<div> \tOctubre 1 de 2012<\/div>\n<div> \thttp:\/\/www.paginanoticias.mx\/n\/Politica\/74rgqw8f7\/Gustavo-Esteva-Convencion\u00e1ndonos.htm<\/div>\n<div> \t\u00a0<\/div>\n<div> \t<a href=\"http:\/\/pueblosencamino.org\/index.php\/asi-si\/resistencias-y-luchas-sociales02\/386-convencionandonos\">http:\/\/pueblosencamino.org\/index.php\/asi-si\/resistencias-y-luchas-sociales02\/386-convencionandonos<\/a><\/div>\n","protected":false},"excerpt":{"rendered":"<p>Ser\u00e1, ojal\u00e1, una &#8220;buena se\u00f1a&#8221; de estos tiempos, o, hermosamente, un relato de Gustavo Esteva en lengua y tiempos de por venir sobre un convencion\u00e1ndonos hoy en futuro. Sea lo que sea, [&hellip;]<\/p>\n","protected":false},"author":2,"featured_media":0,"comment_status":"open","ping_status":"open","sticky":false,"template":"","format":"standard","meta":[],"categories":[3],"tags":[],"_links":{"self":[{"href":"https:\/\/tejidohistorico.afrodescendientes.com\/index.php\/wp-json\/wp\/v2\/posts\/4601"}],"collection":[{"href":"https:\/\/tejidohistorico.afrodescendientes.com\/index.php\/wp-json\/wp\/v2\/posts"}],"about":[{"href":"https:\/\/tejidohistorico.afrodescendientes.com\/index.php\/wp-json\/wp\/v2\/types\/post"}],"author":[{"embeddable":true,"href":"https:\/\/tejidohistorico.afrodescendientes.com\/index.php\/wp-json\/wp\/v2\/users\/2"}],"replies":[{"embeddable":true,"href":"https:\/\/tejidohistorico.afrodescendientes.com\/index.php\/wp-json\/wp\/v2\/comments?post=4601"}],"version-history":[{"count":0,"href":"https:\/\/tejidohistorico.afrodescendientes.com\/index.php\/wp-json\/wp\/v2\/posts\/4601\/revisions"}],"wp:attachment":[{"href":"https:\/\/tejidohistorico.afrodescendientes.com\/index.php\/wp-json\/wp\/v2\/media?parent=4601"}],"wp:term":[{"taxonomy":"category","embeddable":true,"href":"https:\/\/tejidohistorico.afrodescendientes.com\/index.php\/wp-json\/wp\/v2\/categories?post=4601"},{"taxonomy":"post_tag","embeddable":true,"href":"https:\/\/tejidohistorico.afrodescendientes.com\/index.php\/wp-json\/wp\/v2\/tags?post=4601"}],"curies":[{"name":"wp","href":"https:\/\/api.w.org\/{rel}","templated":true}]}}