{"id":4675,"date":"2012-10-15T17:48:28","date_gmt":"2012-10-15T17:48:28","guid":{"rendered":"http:\/\/www2.nasaacin.org\/index.php\/2012\/10\/15\/colombia-seria-segundo-productor-de-biocombustibles\/"},"modified":"2012-10-15T17:48:28","modified_gmt":"2012-10-15T17:48:28","slug":"colombia-seria-segundo-productor-de-biocombustibles","status":"publish","type":"post","link":"https:\/\/tejidohistorico.afrodescendientes.com\/index.php\/2012\/10\/15\/colombia-seria-segundo-productor-de-biocombustibles\/","title":{"rendered":"Colombia ser\u00eda segundo productor de biocombustibles"},"content":{"rendered":"<div> \t<\/div>\n<div> \tColombia tiene un inmenso potencial para aumentar su producci\u00f3n de biocombustibles de alta calidad, y ser m\u00e1s competitivo a nivel internacional, sin comprometer la seguridad alimentaria, es la conclusi\u00f3n principal del estudio &ldquo;Evaluaci\u00f3n del ciclo de vida de la cadena de producci\u00f3n de biocombustibles en Colombia&rdquo;, contratado por el Gobierno Nacional y financiado por el BIC<\/div>\n<p>  <!--more-->  <\/p>\n<div> \tDe acuerdo al estudio, el pa\u00eds se perfila como el segundo mayor productor de biocombustibles en Am\u00e9rica Latina, en etanol, despu\u00e9s de Brasil y tercero de biodiesel, despu\u00e9s Argentina.\u00a0<\/div>\n<div> \t\u00a0<\/div>\n<div> \tDe igual manera, asegura que es posible el incremento de las \u00e1reas de la producci\u00f3n de cultivos de ca\u00f1a y palma de manera sostenible.<\/div>\n<div> \t\u00a0<\/div>\n<div> \tColombia se encuentra 5 a\u00f1os adelante de los pa\u00edses latinoamericanos, que apenas inician el establecimiento del marco jur\u00eddico y regulatorio para la producci\u00f3n de biocombustibles. En el pa\u00eds, esta industria ya es una realidad.<\/div>\n<div> \t\u00a0<\/div>\n<div> \tAs\u00ed, el estudio, que tuvo como objetivo principal analizar el impacto ambiental promedio de la cadena de producci\u00f3n de biocombustibles, tras estudiar nueve cultivos de ca\u00f1a, que corresponden al 20%, del total del \u00e1rea de producci\u00f3n de etanol de los cinco ingenios azucareros dedicados a la producci\u00f3n dual de etanol y az\u00facar, y cuatro destiler\u00edas, adem\u00e1s de diez cultivos de palma, cubriendo el 26% del \u00e1rea de producci\u00f3n de aceite para biodiesel, en comparaci\u00f3n con sus equivalentes f\u00f3siles, mostr\u00f3 &ldquo;desde la cuna al tanque&rdquo;, una reducci\u00f3n de las emisiones de Gases<\/div>\n<div> \t\u00a0<\/div>\n<div> \tEfecto Invernadero del 83%, para biodiesel de palma y del 74%, para bioetanol de ca\u00f1a.<\/div>\n<div> \t\u00a0<\/div>\n<div> \t<strong>Hay compromisos<\/strong><\/div>\n<div> \t\u00a0<\/div>\n<div> \tEl Presidente de Fedebiocombustibles, Jorge Bendeck, dijo que &ldquo;bajo la premisa de las conclusiones de este estudio, en t\u00e9rminos de emisiones, somos mejores respecto al combustible f\u00f3sil que remplazamos y mejores que todos los biocombustibles en el mundo. Adicional, es relevante mencionar que frente a los resultados de sostenibilidad de los cultivos energ\u00e9ticos, el estudio da cuenta del espectacular impacto social por las excelentes condiciones laborales y de desarrollo en las zonas de influencia&rdquo;.<\/div>\n<div> \t\u00a0<\/div>\n<div> \t<a href=\"http:\/\/www.vanguardia.com\/economia\/nacional\/178696-colombia-seria-segundo-productor-de-biocombustibles\">http:\/\/www.vanguardia.com\/economia\/nacional\/178696-colombia-seria-segundo-productor-de-biocombustibles<\/a><\/div>\n","protected":false},"excerpt":{"rendered":"<p>Colombia tiene un inmenso potencial para aumentar su producci\u00f3n de biocombustibles de alta calidad, y ser m\u00e1s competitivo a nivel internacional, sin comprometer la seguridad alimentaria, es la conclusi\u00f3n principal del estudio [&hellip;]<\/p>\n","protected":false},"author":2,"featured_media":0,"comment_status":"open","ping_status":"open","sticky":false,"template":"","format":"standard","meta":[],"categories":[75],"tags":[],"_links":{"self":[{"href":"https:\/\/tejidohistorico.afrodescendientes.com\/index.php\/wp-json\/wp\/v2\/posts\/4675"}],"collection":[{"href":"https:\/\/tejidohistorico.afrodescendientes.com\/index.php\/wp-json\/wp\/v2\/posts"}],"about":[{"href":"https:\/\/tejidohistorico.afrodescendientes.com\/index.php\/wp-json\/wp\/v2\/types\/post"}],"author":[{"embeddable":true,"href":"https:\/\/tejidohistorico.afrodescendientes.com\/index.php\/wp-json\/wp\/v2\/users\/2"}],"replies":[{"embeddable":true,"href":"https:\/\/tejidohistorico.afrodescendientes.com\/index.php\/wp-json\/wp\/v2\/comments?post=4675"}],"version-history":[{"count":0,"href":"https:\/\/tejidohistorico.afrodescendientes.com\/index.php\/wp-json\/wp\/v2\/posts\/4675\/revisions"}],"wp:attachment":[{"href":"https:\/\/tejidohistorico.afrodescendientes.com\/index.php\/wp-json\/wp\/v2\/media?parent=4675"}],"wp:term":[{"taxonomy":"category","embeddable":true,"href":"https:\/\/tejidohistorico.afrodescendientes.com\/index.php\/wp-json\/wp\/v2\/categories?post=4675"},{"taxonomy":"post_tag","embeddable":true,"href":"https:\/\/tejidohistorico.afrodescendientes.com\/index.php\/wp-json\/wp\/v2\/tags?post=4675"}],"curies":[{"name":"wp","href":"https:\/\/api.w.org\/{rel}","templated":true}]}}