{"id":4678,"date":"2012-10-16T17:44:05","date_gmt":"2012-10-16T17:44:05","guid":{"rendered":"http:\/\/www2.nasaacin.org\/index.php\/2012\/10\/16\/indignacion-sin-agua-potable-los-prisioneros-y-prisioneras\/"},"modified":"2012-10-16T17:44:05","modified_gmt":"2012-10-16T17:44:05","slug":"indignacion-sin-agua-potable-los-prisioneros-y-prisioneras","status":"publish","type":"post","link":"https:\/\/tejidohistorico.afrodescendientes.com\/index.php\/2012\/10\/16\/indignacion-sin-agua-potable-los-prisioneros-y-prisioneras\/","title":{"rendered":"Indignaci\u00f3n: Sin agua potable los prisioneros y prisioneras"},"content":{"rendered":"<p> \tM\u00e1s de un mes llevan sin agua potable los prisioneros y prisioneras del complejo peninteciario de Ibagu\u00e9 y de la reclusi\u00f3n de mujeres de Jamund\u00ed.\u00a0La Fundaci\u00f3n Lazos de Dignidad emite DENUNCIA P\u00daBLICA contra el Instituto Nacional Penitenciario y Carcelario de Colombia -INPEC- por negaci\u00f3n del suministro de agua potable en el Complejo Penitenciario de Ibagu\u00e9 y la Reclusi\u00f3n de Mujeres \u00a0de Jamund\u00ed, de acuerdo a los siguientes:<\/p>\n<p>  <!--more-->  <\/p>\n<div> \t\u00a0<\/div>\n<div> \t1. \u00a0 \u00a0 \u00a0 Desde el mes de septiembre \u00a0en el Complejo Penitenciario y Carcelario de Ibagu\u00e9 se ha venido presentando una disminuci\u00f3n paulatina del suministro de agua potable, el cual se ven\u00eda haciendo en horas de la ma\u00f1ana y en la tarde solo de 20 minutos. Pero desde hace unos d\u00edas el suministro ha ido disminuyendo y las bater\u00edas sanitarias se encuentran saturadas de materia fecal, lo cual ha obligado a los y las prisioneras a arrojar por las ventanas sus excrementos, los cuales ya han llegado al lugar donde se preparan los alimentos para la poblaci\u00f3n carcelaria recluida all\u00ed.<\/div>\n<div> \t\u00a0<\/div>\n<div> \t2. \u00a0 \u00a0 \u00a0 En la Reclusi\u00f3n de Mujeres de Jamund\u00ed, desde el mes de septiembre el suministro del agua potable venia presentado recortes durante el d\u00eda. \u00a0Pero desde hace unos d\u00edas el recorte del agua ha sido permanente hasta el punto de que en la reclusi\u00f3n ya se \u00a0presentan malos olores e insalubridad, lo cual puede ocasionar la aparici\u00f3n de epidemias y graves enfermedades.<\/div>\n<div> \t\u00a0<\/div>\n<div> \t3. \u00a0 \u00a0 \u00a0 Frente \u00a0a esta situaci\u00f3n los y las prisioneras pol\u00edticas han solicitado presencia de las directoras \u00a0de los establecimientos carcelarios para que den informaci\u00f3n acerca de esta problem\u00e1tica, pero han sido en vano las solicitudes y denuncias \u00a0que se han entablado para dar soluci\u00f3n.<\/div>\n<div> \t\u00a0<\/div>\n<div> \t4. \u00a0 \u00a0 \u00a0 ALERTAMOS sobre \u00a0las consecuencias que puede acarrear esta problem\u00e1tica del \u00a0acceso al agua como generaci\u00f3n de epidemias, graves enfermedades gastrointestinales y dem\u00e1s afectaciones debido a la insalubridad en la que actualmente se encuentran estos establecimientos. \u00a0<\/div>\n<div> \t\u00a0<\/div>\n<div> \t\u00a0<\/div>\n<div> \t<strong>PETICIONES<\/strong><\/div>\n<div> \t\u00a0<\/div>\n<div> \t1. \u00a0 \u00a0 \u00a0Exigimos al gobierno nacional, al Ministerio de Justicia y al \u00a0Instituto Penitenciario y Carcelario &ndash;INPEC- se tomen las medidas oportunas \u00a0para dar soluci\u00f3n a la problem\u00e1tica del acceso a agua potable y dem\u00e1s problem\u00e1ticas que actualmente afrontan todas las c\u00e1rceles del pa\u00eds.<\/div>\n<div> \t\u00a0<\/div>\n<div> \t2. \u00a0 \u00a0 \u00a0Que los entes de control realicen su labor constitucional y hagan \u00a0seguimiento a estas problem\u00e1ticas e insten \u00a0a las autoridades penitenciarias y carcelarias a dar soluci\u00f3n a todas las problem\u00e1ticas, en especial a la del acceso a agua potable en estas reclusiones.<\/div>\n<div> \t\u00a0<\/div>\n<div> \t3. \u00a0 \u00a0 \u00a0Llamamos a las organizaciones de derechos humanos y solidarias de car\u00e1cter nacional e internacional para que difundan el presente comunicado y env\u00eden sus cartas en solidaridad con los prisioneros pol\u00edticos, respaldando nuestras peticiones, a las siguientes entidades:<\/div>\n<div> \t\u00a0<\/div>\n<div> \t<strong>Presidente de la Rep\u00fablica<\/strong><\/div>\n<div> \tDr. Juan Manuel Santos<\/div>\n<div> \tCra. 8 # 7-26, Palacio de Nari\u00f1o.<\/div>\n<div> \tSanta Fe de Bogot\u00e1. Fax:+57.1.566.20.71<\/div>\n<div> \t\u00a0<\/div>\n<div> \t<strong>Vicepresidente de la Rep\u00fablica<\/strong><\/div>\n<div> \tDr. Angelino Garz\u00f3n.<\/div>\n<div> \tTels. \u00a0(+571) 334.45.07,(+573) 7720130,<\/div>\n<div> \tE-mail:hernanulloa@presidencia.gov.co<\/div>\n<div> \t\u00a0<\/div>\n<div> \t<strong>Director General del INPEC<\/strong><\/div>\n<div> \tSr. Gustavo Adolfo Ricaurte<\/div>\n<div> \tTels.(+571) 2347262 o \u00a0(+571)2347474 extensi\u00f3n 116<\/div>\n<div> \tE-Mail. direccion@inpec.gov.co<\/div>\n<div> \t\u00a0<\/div>\n<div> \t<strong>Defensor del Pueblo<\/strong><\/div>\n<div> \tSe\u00f1or Jorge Armando Otalora<\/div>\n<div> \tCalle 55 # 10-32, Bogot\u00e1.<\/div>\n<div> \tFax: + 57.1.640.04.91<\/div>\n<div> \tE-mail: secretaria_privada@hotmail.com; \u00a0agenda@agenda.gov.co<\/div>\n<div> \t\u00a0<\/div>\n<div> \t<strong>Procurador General de la Naci\u00f3n<\/strong><\/div>\n<div> \tSe\u00f1or Alejandro Ordo\u00f1ez<\/div>\n<div> \tCra. 5 #. 15-80, Bogot\u00e1.<\/div>\n<div> \tFax: +57.1.342.97.23; +571.284.79.49 Fax: +57.1.342.97.23;<\/div>\n<div> \tE-mail:cap@procuraduria.gov.co, quejas@procuraduria.gov.co;<\/div>\n<div> \twebmaster@procuraduria.gov.co; cap@procuraduria.gov.co;<\/div>\n<div> \treygon@procuraduria.gov.co.<\/div>\n<div> \t\u00a0<\/div>\n<div> \t<strong>Programa Presidencial de Derechos Humanos y de Derecho Internacional Humanitario.<\/strong><\/div>\n<div> \tDr. Carlos Franco<\/div>\n<div> \tCalle 7 N\u00b0 5-54 Santaf\u00e9 de Bogot\u00e1<\/div>\n<div> \tTEL: \u00a0(+571) 336.03.11<\/div>\n<div> \tFAX: (+57 1) 337.46.67<\/div>\n<div> \tE- mail: cefranco@presidencia.gov.co<\/div>\n<div> \tE-mail: fibarra@presidencia.gov.co<\/div>\n<div> \tComit\u00e9 Internacional de la Cruz Roja<\/div>\n<div> \tCalle 76 No. 10-02<\/div>\n<div> \tBogot\u00e1, DC.<\/div>\n<div> \tTel\u00e9fono: (++57) \u00a01 313 86 30<\/div>\n<div> \tFax: (++57) 1 312 82 82<\/div>\n<div> \t\u00a0<\/div>\n<div> \t<strong>OFICINA DEL ALTO COMISIONADO DE LAS NACIONES UNIDAS<\/strong><\/div>\n<div> \tCalle 113 No. 7-45, Torre B, Oficina 1101. Edificio Teleport Business Park<\/div>\n<div> \tTel\u00e9fono \u00a0(57-1) 658 3300<\/div>\n<div> \tFax (57-1) 658 3301<\/div>\n<div> \tComisi\u00f3n Interamericana De Derechos Humanos<\/div>\n<div> \tE-mail. cidhoea@oas.org, apizarro@oas.org<\/div>\n<div> \t\u00a0<\/div>\n<div> \tOctubre, 16 de 2012<\/div>\n","protected":false},"excerpt":{"rendered":"<p>M\u00e1s de un mes llevan sin agua potable los prisioneros y prisioneras del complejo peninteciario de Ibagu\u00e9 y de la reclusi\u00f3n de mujeres de Jamund\u00ed.\u00a0La Fundaci\u00f3n Lazos de Dignidad emite DENUNCIA P\u00daBLICA [&hellip;]<\/p>\n","protected":false},"author":2,"featured_media":0,"comment_status":"open","ping_status":"open","sticky":false,"template":"","format":"standard","meta":[],"categories":[61],"tags":[],"_links":{"self":[{"href":"https:\/\/tejidohistorico.afrodescendientes.com\/index.php\/wp-json\/wp\/v2\/posts\/4678"}],"collection":[{"href":"https:\/\/tejidohistorico.afrodescendientes.com\/index.php\/wp-json\/wp\/v2\/posts"}],"about":[{"href":"https:\/\/tejidohistorico.afrodescendientes.com\/index.php\/wp-json\/wp\/v2\/types\/post"}],"author":[{"embeddable":true,"href":"https:\/\/tejidohistorico.afrodescendientes.com\/index.php\/wp-json\/wp\/v2\/users\/2"}],"replies":[{"embeddable":true,"href":"https:\/\/tejidohistorico.afrodescendientes.com\/index.php\/wp-json\/wp\/v2\/comments?post=4678"}],"version-history":[{"count":0,"href":"https:\/\/tejidohistorico.afrodescendientes.com\/index.php\/wp-json\/wp\/v2\/posts\/4678\/revisions"}],"wp:attachment":[{"href":"https:\/\/tejidohistorico.afrodescendientes.com\/index.php\/wp-json\/wp\/v2\/media?parent=4678"}],"wp:term":[{"taxonomy":"category","embeddable":true,"href":"https:\/\/tejidohistorico.afrodescendientes.com\/index.php\/wp-json\/wp\/v2\/categories?post=4678"},{"taxonomy":"post_tag","embeddable":true,"href":"https:\/\/tejidohistorico.afrodescendientes.com\/index.php\/wp-json\/wp\/v2\/tags?post=4678"}],"curies":[{"name":"wp","href":"https:\/\/api.w.org\/{rel}","templated":true}]}}