{"id":4700,"date":"2012-10-20T22:37:02","date_gmt":"2012-10-20T22:37:02","guid":{"rendered":"http:\/\/www2.nasaacin.org\/index.php\/2012\/10\/20\/el-estado-y-el-maestro-de-escuela\/"},"modified":"2012-10-20T22:37:02","modified_gmt":"2012-10-20T22:37:02","slug":"el-estado-y-el-maestro-de-escuela","status":"publish","type":"post","link":"https:\/\/tejidohistorico.afrodescendientes.com\/index.php\/2012\/10\/20\/el-estado-y-el-maestro-de-escuela\/","title":{"rendered":"El Estado y el Maestro de Escuela"},"content":{"rendered":"<div> \t<\/div>\n<div> \tEn los Estados Unidos, los maestros son criticados, se les dan malos nombres, apodos; y a veces sus salarios son amenazados.<\/div>\n<p>  <!--more-->  <\/p>\n<div> \t\u00a0<\/div>\n<div> \t\u00c9so est\u00e1 definitivamente mal, pero en M\u00e9xico, un maestro de escuela elemental que era tambi\u00e9n organizador de su comunidad ind\u00edgena en El Bosque, Chiapas, fue dolosamente incriminado de haber matado a 8 polic\u00edas, y podr\u00eda ser sentenciado a 60 a\u00f1os de prisi\u00f3n.<\/div>\n<div> \t\u00a0<\/div>\n<div> \tSu nombre es Alberto Patisht\u00e1n G\u00f3mez, conocido con el afectuoso nombre de, &#8220;El Profe&#8221;, y a pesar de la tragedia legal, es ampliamente conocido, respetado; maestro muy querido, persona muy religiosa y un talentoso organizador en la prisi\u00f3n.<\/div>\n<div> \t\u00a0<\/div>\n<div> \tPatisht\u00e1n est\u00e1 preso a pesar de los testimonios jurados de 10 testigos que dicen que \u00e9l estaba en otra comunidad al momento de la emboscada; y de reportajes seriamente conflictivos de la polic\u00eda.<\/div>\n<div> \t\u00a0<\/div>\n<div> \t\u00c9l ya est\u00e1 preso por 12 a\u00f1os y, debido a mal tratamiento m\u00e9dico y a un diagn\u00f3stico equivocado de glaucoma, ahora sufre de casi falta total de visi\u00f3n; y recientemente se ha diagnosticado que Alberto tiene un tumor en el cerebro.<\/div>\n<div> \t\u00a0<\/div>\n<div> \tSus amigos, familiares, y miembros de la comunidad Tsotzil est\u00e1n luchando por su libertad, especialmente ahora que tiene serios problemas de salud.<\/div>\n<div> \t\u00a0<\/div>\n<div> \t&#8220;El Profe&#8221; Alberto tiene un sitio blog: <a href=\"http:\/\/albertopatishtan.blogspot.mx\/\">http:\/\/albertopatishtan.blogspot.mx\/<\/a><\/div>\n<div> \t\u00a0<\/div>\n<div> \tY Usted le puede escribir a esta direcci\u00f3n:<\/div>\n<div> \t\u00a0<\/div>\n<div> \tSe\u00f1or<strong> Alberto Patisht\u00e1n G\u00f3mez<\/strong><\/div>\n<div> \tCERSS No. 5<\/div>\n<div> \tCarretera San Cristobal-Ocosingo km 20<\/div>\n<div> \tSan Cristobal de Las Casas,<\/div>\n<div> \tChiapas, C.P. 29240 \u00a0M\u00e9xico<\/div>\n<div> \t\u00a0<\/div>\n<div> \t<span style=\"font-size:14px;\"><strong>Mum\u00eda Ab\u00fa-Jamal<\/strong><\/span><\/div>\n<div>\n<div> \t\t2\/10\/2012<\/div>\n<div> \t\t\u00a0<\/div>\n<\/p><\/div>\n<div> \tTraducci\u00f3n libre del ingl\u00e9s enviado por<\/div>\n<div> \tFatirah Aziz, Litestar01@aol.com,<\/div>\n<div> \thecha en REFUGIO DEL RIO GRANDE, Texas.<\/div>\n","protected":false},"excerpt":{"rendered":"<p>En los Estados Unidos, los maestros son criticados, se les dan malos nombres, apodos; y a veces sus salarios son amenazados.<\/p>\n","protected":false},"author":2,"featured_media":0,"comment_status":"open","ping_status":"open","sticky":false,"template":"","format":"standard","meta":[],"categories":[3],"tags":[],"_links":{"self":[{"href":"https:\/\/tejidohistorico.afrodescendientes.com\/index.php\/wp-json\/wp\/v2\/posts\/4700"}],"collection":[{"href":"https:\/\/tejidohistorico.afrodescendientes.com\/index.php\/wp-json\/wp\/v2\/posts"}],"about":[{"href":"https:\/\/tejidohistorico.afrodescendientes.com\/index.php\/wp-json\/wp\/v2\/types\/post"}],"author":[{"embeddable":true,"href":"https:\/\/tejidohistorico.afrodescendientes.com\/index.php\/wp-json\/wp\/v2\/users\/2"}],"replies":[{"embeddable":true,"href":"https:\/\/tejidohistorico.afrodescendientes.com\/index.php\/wp-json\/wp\/v2\/comments?post=4700"}],"version-history":[{"count":0,"href":"https:\/\/tejidohistorico.afrodescendientes.com\/index.php\/wp-json\/wp\/v2\/posts\/4700\/revisions"}],"wp:attachment":[{"href":"https:\/\/tejidohistorico.afrodescendientes.com\/index.php\/wp-json\/wp\/v2\/media?parent=4700"}],"wp:term":[{"taxonomy":"category","embeddable":true,"href":"https:\/\/tejidohistorico.afrodescendientes.com\/index.php\/wp-json\/wp\/v2\/categories?post=4700"},{"taxonomy":"post_tag","embeddable":true,"href":"https:\/\/tejidohistorico.afrodescendientes.com\/index.php\/wp-json\/wp\/v2\/tags?post=4700"}],"curies":[{"name":"wp","href":"https:\/\/api.w.org\/{rel}","templated":true}]}}