{"id":4706,"date":"2012-10-20T23:21:09","date_gmt":"2012-10-20T23:21:09","guid":{"rendered":"http:\/\/www2.nasaacin.org\/index.php\/2012\/10\/20\/la-prepotencia-de-las-farc-y-del-gobierno-de-santos\/"},"modified":"2012-10-20T23:21:09","modified_gmt":"2012-10-20T23:21:09","slug":"la-prepotencia-de-las-farc-y-del-gobierno-de-santos","status":"publish","type":"post","link":"https:\/\/tejidohistorico.afrodescendientes.com\/index.php\/2012\/10\/20\/la-prepotencia-de-las-farc-y-del-gobierno-de-santos\/","title":{"rendered":"La prepotencia de las farc y del gobierno de Santos"},"content":{"rendered":"<p> \tInstalada la mesa de di\u00e1logo entre Farc y el gobierno de Santos,\u00a0quedaron expuestas con claridad dos visiones distintas de pa\u00eds que de\u00a0tiempo atr\u00e1s resultan irreconciliables por la prepotencia tanto de los actores de poder que apoyan al Estado y al r\u00e9gimen pol\u00edtico vigente, como de las propias Farc, como actor que desconoce y enfrenta la autoridad estatal.<\/p>\n<p> \t\u00a0<\/p>\n","protected":false},"excerpt":{"rendered":"<p>Instalada la mesa de di\u00e1logo entre Farc y el gobierno de Santos,\u00a0quedaron expuestas con claridad dos visiones distintas de pa\u00eds que de\u00a0tiempo atr\u00e1s resultan irreconciliables por la prepotencia tanto de los actores [&hellip;]<\/p>\n","protected":false},"author":2,"featured_media":0,"comment_status":"open","ping_status":"open","sticky":false,"template":"","format":"standard","meta":[],"categories":[61],"tags":[],"_links":{"self":[{"href":"https:\/\/tejidohistorico.afrodescendientes.com\/index.php\/wp-json\/wp\/v2\/posts\/4706"}],"collection":[{"href":"https:\/\/tejidohistorico.afrodescendientes.com\/index.php\/wp-json\/wp\/v2\/posts"}],"about":[{"href":"https:\/\/tejidohistorico.afrodescendientes.com\/index.php\/wp-json\/wp\/v2\/types\/post"}],"author":[{"embeddable":true,"href":"https:\/\/tejidohistorico.afrodescendientes.com\/index.php\/wp-json\/wp\/v2\/users\/2"}],"replies":[{"embeddable":true,"href":"https:\/\/tejidohistorico.afrodescendientes.com\/index.php\/wp-json\/wp\/v2\/comments?post=4706"}],"version-history":[{"count":0,"href":"https:\/\/tejidohistorico.afrodescendientes.com\/index.php\/wp-json\/wp\/v2\/posts\/4706\/revisions"}],"wp:attachment":[{"href":"https:\/\/tejidohistorico.afrodescendientes.com\/index.php\/wp-json\/wp\/v2\/media?parent=4706"}],"wp:term":[{"taxonomy":"category","embeddable":true,"href":"https:\/\/tejidohistorico.afrodescendientes.com\/index.php\/wp-json\/wp\/v2\/categories?post=4706"},{"taxonomy":"post_tag","embeddable":true,"href":"https:\/\/tejidohistorico.afrodescendientes.com\/index.php\/wp-json\/wp\/v2\/tags?post=4706"}],"curies":[{"name":"wp","href":"https:\/\/api.w.org\/{rel}","templated":true}]}}