{"id":471,"date":"2010-08-25T22:14:59","date_gmt":"2010-08-25T22:14:59","guid":{"rendered":"http:\/\/www2.nasaacin.org\/index.php\/2010\/08\/25\/todo-por-la-paz-con-justicia-social-es-el-imperativo-popular-y-de-la-sociedad\/"},"modified":"2010-08-25T22:14:59","modified_gmt":"2010-08-25T22:14:59","slug":"todo-por-la-paz-con-justicia-social-es-el-imperativo-popular-y-de-la-sociedad","status":"publish","type":"post","link":"https:\/\/tejidohistorico.afrodescendientes.com\/index.php\/2010\/08\/25\/todo-por-la-paz-con-justicia-social-es-el-imperativo-popular-y-de-la-sociedad\/","title":{"rendered":"Todo por la Paz con Justicia Social es el imperativo popular y de la sociedad"},"content":{"rendered":"<p style=\"text-align: justify;\">La &#8220;guerra&#8221; y la fuerza, y &#8220;tambi\u00e9n la raz\u00f3n&#8221;, anunciadas por el nuevo gobierno, debe ser contra el desempleo, contra el hambre, contra la pobreza, contra el paseo de la muerte, contra el terrorismo de Estado, contra los falsos positivos, contra la desaparici\u00f3n forzada y las ejecuciones extrajudiciales cometidas presuntamente por agentes del Estado aliados al paramilitarismo cuando su se\u00f1or\u00eca fung\u00eda como Ministro del anterior Gobierno de guerra y de detenciones masivas de defensores de derechos humanos y dirigentes populares; debe ser contra la impunidad a los cr\u00edmenes de lesa humanidad,<\/p>\n<p>  <!--more-->  <\/p>\n<p>\u00a0<\/p>\n<p>\u00a0<\/p>\n<p align=\"center\"><strong>CARTA AL PRESIDENTE DE LA REP\u00daBLICA DE COLOMBIA <\/strong><\/p>\n<p>Bogot\u00e1, Agosto 08 de 2010<\/p>\n<p>Se\u00f1or Doctor<br \/><strong>Juan Manuel Santos Calder\u00f3n<\/strong><br \/>Presidente de la Rep\u00fablica de Colombia<br \/>Bogot\u00e1<\/p>\n<p>Respetuoso saludo<\/p>\n<p><strong><em>La  &#8220;guerra&#8221; y la fuerza, y &#8220;tambi\u00e9n la raz\u00f3n&#8221;, anunciadas por el nuevo  gobierno, debe ser contra el desempleo, contra el hambre, contra la  pobreza, contra el paseo de la muerte, contra el terrorismo de Estado,  contra los falsos positivos, contra la desaparici\u00f3n forzada y las  ejecuciones extrajudiciales cometidas presuntamente por agentes del  Estado aliados al paramilitarismo cuando su se\u00f1or\u00eca fung\u00eda como Ministro  del anterior Gobierno de guerra y de detenciones masivas de defensores  de derechos humanos y dirigentes populares; debe ser contra la impunidad  a los cr\u00edmenes de lesa humanidad<\/em>,<\/strong> contra los cr\u00ecmenes de  guerra, contra las acciones genocidas y de agresi\u00f3n del terrorismo de  Estado, contra la privatizaci\u00f3n de los derechos; por ejemplo, contra la  vulneraci\u00f3n a la soberan\u00eda nacional para que no existan bases militares  extranjeras y menos de los EEUU en nuestro territorio, contra los  vulneradores del Derecho Internacional de los Derechos Humanos, de los  Derechos de los Pueblos, el DIH y el Derecho Penal Internacional quienes  a trav\u00e9s de las Instituciones del Estado prevaricaron afectando a la  poblaci\u00f3n y generaron la m\u00e1s grande cat\u00e1strofe humanitaria y social  conocida por la historia, criminales a\u00f9n sin juzgar.<\/p>\n<p>Todo esto incluye la b\u00fasqueda y concreci\u00f3n de la paz con justicia social.<\/p>\n<p>Los  derechos a los campesinos no se defienden as\u00ec como se afirm\u00f2 ayer, y  ellos en el campo colombiano de valles, monta\u00f1as, piedemonte, laderas no  los pueden ejercer siendo &#8220;Juan Valdez&#8221;, lo que se requiere es una  verdadera reforma agraria para que ellos puedan ser colombianos  verdaderos, ejerciendo derechos de forma real, cada uno con sus propios  nombres y sus organizaciones populares y sociales a las que pertenecen  legalmente, concretando esos cambios estructurales en el sector agro  pecuario, en el campo es lo que se requiere hace tiempo para poder  acceder a la paz tan deseada.<\/p>\n<p>Tambi\u00e9n depurando a las FFAA y a  los cuerpos de seguridad de sus v\u00ednculos con el paramilitarismo y su  dependencia con el Imperialismo y militarismo guerrerista de los EEUU;  que se precluyan y archiven todos los procesos ama\u00f1ados contra  defensores de derechos humanos y l\u00ecderes populares sustentados en viles  montajes organizados por la criminalidad dentro y fuera del Estado. Que  se liberen a todas y todos los presos pol\u00ecticos.<\/p>\n<p>Que el principio  de precisar la verdad hist\u00f2rica para que la procesal coincida con ella  en los casos de los crimenes de lesa humanidad, de guerra, genocidio y  agresi\u00f3n, que se pueda de verdad concretar la Justicia como imperativo  estatal, para que se derogue la eufem\u00ecstica Ley de Justicia y Paz o de  impunidad como dicen otros juristas; que la reparaci\u00f3n sea integral y no  mera indemnizaci\u00f3n administrativa y que se creen todas las condiciones  materiales, jur\u00eddicas, institucionales, culturales, administrativos,  etc. , para que por fin estos cr\u00ecmenes y el terrorismo de estado  fascista-neoliberal no se repita, debe ser una pol\u00ectica de Estado y de  la Sociedad.<\/p>\n<p>Lo que debe prevalecer siempre es la b\u00fasqueda de la  soluci\u00f3n pol\u00edtica al conflicto social y armado colombiano para que de  verdad haya paz con justicia social. Y que cese el terror contra el  pueblo. Eso debe ser la &#8221; fuerza y la raz\u00f2n&#8221; que su se\u00f1or\u00eca indic\u00f2. Pues  lo que aqui decimos no es mera conjetura, ya son hechos notorios y  p\u00fablicos.<\/p>\n<p>Y adem\u00e0s es deber constitucional no hacer apolog\u00eda a la  violencia. De lo que se trata es defender el 22 superior que ordena a  Usted, a nosotros y todas y todos los colombianos a ejercer el derecho a  la paz, que tiene doble car\u00e1cter de bien jur\u00eddico protegido, ser un  derecho y un deber de obligatorio cumplimiento.<\/p>\n<p>De ah\u00ed que la  prevalencia es la paz y no la guerra. La prevalencia es la vida y no las  ejecuciones extrajudiciales. La prevalencia es la libertad y no los  montajes y estigmatizaci\u00f3n a los defensores de derechos humanos y  dirigentes populares, hombres y mujeres desplazadas, amenazadas,  exiliadas, refugiadas. Toda una tragedia nacional que no se toc\u00f2 en su  m\u00e8dula. Pero que se debe y puede concretar su resoluci\u00f2n a trav\u00e9s de la  soluci\u00f3n pol\u00edtica al actual conflicto social y armado colombiano. Asi es  que se puede defender de verdad los derechos humanos y los derechos de  los Pueblos.<\/p>\n<p>Las amenazas al contradictor pol\u00ectico y las loas al m\u00e1s grande criminal de lesa humanidad no debe prevalecer.<br \/><strong><br \/>TODO POR LA PAZ CON VERDADERA JUSTICIA SOCIAL ES EL IMPERATIVO POPULAR Y DE LA SOCIEDAD<\/strong><\/p>\n<p><strong>Athemay Sterling<\/strong><br \/>Director<br \/>CPDH-Valle<br \/>Bogot\u00e1 08 de Agosto de 2010<\/p>\n<p>\u00a0<\/p>\n<p><strong>[ <span>Fuente: <a href=\"..\/\/\" target=\"_blank\" rel=\"noopener noreferrer\">CPDH-Valle <\/a><\/span> ]  [ <span>Autor:  Athemay Sterling<\/span>]<\/strong><\/p>\n<p><strong><br \/><\/strong><\/p>\n","protected":false},"excerpt":{"rendered":"<p>La &#8220;guerra&#8221; y la fuerza, y &#8220;tambi\u00e9n la raz\u00f3n&#8221;, anunciadas por el nuevo gobierno, debe ser contra el desempleo, contra el hambre, contra la pobreza, contra el paseo de la muerte, contra [&hellip;]<\/p>\n","protected":false},"author":1,"featured_media":0,"comment_status":"open","ping_status":"open","sticky":false,"template":"","format":"standard","meta":[],"categories":[75],"tags":[],"_links":{"self":[{"href":"https:\/\/tejidohistorico.afrodescendientes.com\/index.php\/wp-json\/wp\/v2\/posts\/471"}],"collection":[{"href":"https:\/\/tejidohistorico.afrodescendientes.com\/index.php\/wp-json\/wp\/v2\/posts"}],"about":[{"href":"https:\/\/tejidohistorico.afrodescendientes.com\/index.php\/wp-json\/wp\/v2\/types\/post"}],"author":[{"embeddable":true,"href":"https:\/\/tejidohistorico.afrodescendientes.com\/index.php\/wp-json\/wp\/v2\/users\/1"}],"replies":[{"embeddable":true,"href":"https:\/\/tejidohistorico.afrodescendientes.com\/index.php\/wp-json\/wp\/v2\/comments?post=471"}],"version-history":[{"count":0,"href":"https:\/\/tejidohistorico.afrodescendientes.com\/index.php\/wp-json\/wp\/v2\/posts\/471\/revisions"}],"wp:attachment":[{"href":"https:\/\/tejidohistorico.afrodescendientes.com\/index.php\/wp-json\/wp\/v2\/media?parent=471"}],"wp:term":[{"taxonomy":"category","embeddable":true,"href":"https:\/\/tejidohistorico.afrodescendientes.com\/index.php\/wp-json\/wp\/v2\/categories?post=471"},{"taxonomy":"post_tag","embeddable":true,"href":"https:\/\/tejidohistorico.afrodescendientes.com\/index.php\/wp-json\/wp\/v2\/tags?post=471"}],"curies":[{"name":"wp","href":"https:\/\/api.w.org\/{rel}","templated":true}]}}