{"id":4726,"date":"2012-10-24T15:14:02","date_gmt":"2012-10-24T15:14:02","guid":{"rendered":"http:\/\/www2.nasaacin.org\/index.php\/2012\/10\/24\/opiac-garantizar-los-derechos-de-las-mujeres-indigenas-amazonicas\/"},"modified":"2012-10-24T15:14:02","modified_gmt":"2012-10-24T15:14:02","slug":"opiac-garantizar-los-derechos-de-las-mujeres-indigenas-amazonicas","status":"publish","type":"post","link":"https:\/\/tejidohistorico.afrodescendientes.com\/index.php\/2012\/10\/24\/opiac-garantizar-los-derechos-de-las-mujeres-indigenas-amazonicas\/","title":{"rendered":"OPIAC: Garantizar los derechos de las mujeres ind\u00edgenas amaz\u00f3nicas"},"content":{"rendered":"<div> \t<\/div>\n<div> \t&ldquo;Desde el origen del tiempo las Mujeres Amaz\u00f3nicas somos las hijas de la selva, de la tierra brava y del raudal, madres en la monta\u00f1a, en la selva multicolor. All\u00ed camina y retorna Nuestra palabra en conocimiento y sabidur\u00eda, como palabra dulce y aire de vida&rdquo;: Pensamiento de las Mujeres Amaz\u00f3nicas.<\/div>\n<p>  <!--more-->  <\/p>\n<div> \t\u00a0<\/div>\n<div> \tLa participaci\u00f3n de la Mujer Ind\u00edgena Amaz\u00f3nica es complementada con el aporte sustancial del hombre, y sobre todo por sus autoridades; este relacionamiento se evidenci\u00f3 en el ritual de apertura e instalaci\u00f3n de la 1era Asamblea de Mujeres &ndash; Auto 092, al recordar la Cacica Maloquera Raquel Andoke del Resguardo de Aduche, que el esp\u00edritu del secretario de su organizaci\u00f3n CRIMA, Sandro Andoque la acompa\u00f1a a pesar de haber muerto hace tres d\u00edas.<\/div>\n<div> \t\u00a0<\/div>\n<div> \tCon Marina Valencia y Marlene Piranga, del pueblo Coreguaje, abrieron el canasto para tejer el pensamiento de unidad y guiar los d\u00edas de la Asamblea y el regreso a sus territorios. \u00a1Venimos a reencontrarnos y ratificar nuestra palabra!, muchas no hablamos, pero la mayor\u00eda hemos aprendido a conocer nuestros derechos, por ello nos unimos para defenderlos!.<\/div>\n<div> \t\u00a0<\/div>\n<div> \tDefensa como estas, mitigaron el cansancio de m\u00e1s de cinco d\u00edas de recorrido hasta llegar a Bogot\u00e1, al momento de exigirle al Estado, representado por el delegado del Ministerio del Interior, el coordinador de los Autos, Arlein Charry Vel\u00e1squez, que el cumplimiento de lo ordenado por la Corte Constitucional, no puede quedar en una Asamblea, que lo que determine debe ser de estricto cumplimiento, para garantizar el programa n\u00famero ocho (8) de los 13 mandatados por la Corte: Programa de protecci\u00f3n de derechos de las mujeres ind\u00edgenas desplazadas y en riesgo de estarlo.<\/div>\n<div> \t\u00a0<\/div>\n<div> \t&ldquo;La preocupaci\u00f3n es tal que la orden fue mandatado desde el 2008, en el 2011 se comenz\u00f3 a operativizar, y sus cuatro a\u00f1os se cumple la segunda fase, que es la socializaci\u00f3n&rdquo;, por tanto la OPIAC y sobre todo las mujeres de base, demandaron &ldquo;empezar a materializar sus propuestas, de manera que sus derechos se vean garantizados de manera integral desde una perspectiva diferencial y priorizando realidades&rdquo;, es el sentir colectivo de m\u00e1s de 120 lideresas amaz\u00f3nicas, con el respaldo de sus autoridades regionales.<\/div>\n<div> \t\u00a0<\/div>\n<div> \tPara el segundo d\u00eda de la Asamblea, 24 de Octubre, por mesas tem\u00e1ticas se revisar\u00e1n y ajustar\u00e1n las problem\u00e1ticas y propuestas trabajadas en los 25 talleres de los 6 departamentos de la Amazon\u00eda, donde participaron m\u00e1s de mil setecientas (1. 700) mujeres y autoridades tradicionales de los 56 pueblos de la Amazon\u00eda; dichas propuestas ser\u00e1n dadas a conocer al final de la Asamblea, el jueves 25, las cuales ser\u00e1n validadas en la Mesa Regional Amaz\u00f3nica, en primera instancia, sin determinar la fecha a\u00fan.<\/div>\n<div> \t\u00a0<\/div>\n<div> \tPara el jueves 25 de Octubre, en rueda de prensa, se dar\u00e1n a conocer un informe preliminar de las violaciones de los Derechos Humanos a las mujeres Ind\u00edgenas de la Amazon\u00eda y la participaci\u00f3n de estas en el actual Proceso de Paz.<\/div>\n<div> \t\u00a0<\/div>\n<div> \t<strong>COMUNICACI\u00d3N &#8211;\u00a0<\/strong><strong>OPIAC<\/strong><\/div>\n","protected":false},"excerpt":{"rendered":"<p>&ldquo;Desde el origen del tiempo las Mujeres Amaz\u00f3nicas somos las hijas de la selva, de la tierra brava y del raudal, madres en la monta\u00f1a, en la selva multicolor. All\u00ed camina y [&hellip;]<\/p>\n","protected":false},"author":2,"featured_media":0,"comment_status":"open","ping_status":"open","sticky":false,"template":"","format":"standard","meta":[],"categories":[75],"tags":[],"_links":{"self":[{"href":"https:\/\/tejidohistorico.afrodescendientes.com\/index.php\/wp-json\/wp\/v2\/posts\/4726"}],"collection":[{"href":"https:\/\/tejidohistorico.afrodescendientes.com\/index.php\/wp-json\/wp\/v2\/posts"}],"about":[{"href":"https:\/\/tejidohistorico.afrodescendientes.com\/index.php\/wp-json\/wp\/v2\/types\/post"}],"author":[{"embeddable":true,"href":"https:\/\/tejidohistorico.afrodescendientes.com\/index.php\/wp-json\/wp\/v2\/users\/2"}],"replies":[{"embeddable":true,"href":"https:\/\/tejidohistorico.afrodescendientes.com\/index.php\/wp-json\/wp\/v2\/comments?post=4726"}],"version-history":[{"count":0,"href":"https:\/\/tejidohistorico.afrodescendientes.com\/index.php\/wp-json\/wp\/v2\/posts\/4726\/revisions"}],"wp:attachment":[{"href":"https:\/\/tejidohistorico.afrodescendientes.com\/index.php\/wp-json\/wp\/v2\/media?parent=4726"}],"wp:term":[{"taxonomy":"category","embeddable":true,"href":"https:\/\/tejidohistorico.afrodescendientes.com\/index.php\/wp-json\/wp\/v2\/categories?post=4726"},{"taxonomy":"post_tag","embeddable":true,"href":"https:\/\/tejidohistorico.afrodescendientes.com\/index.php\/wp-json\/wp\/v2\/tags?post=4726"}],"curies":[{"name":"wp","href":"https:\/\/api.w.org\/{rel}","templated":true}]}}