{"id":4731,"date":"2012-10-25T13:57:24","date_gmt":"2012-10-25T13:57:24","guid":{"rendered":"http:\/\/www2.nasaacin.org\/index.php\/2012\/10\/25\/cuando-bajan-los-espiritus-una-minga-de-sabores\/"},"modified":"2012-10-25T13:57:24","modified_gmt":"2012-10-25T13:57:24","slug":"cuando-bajan-los-espiritus-una-minga-de-sabores","status":"publish","type":"post","link":"https:\/\/tejidohistorico.afrodescendientes.com\/index.php\/2012\/10\/25\/cuando-bajan-los-espiritus-una-minga-de-sabores\/","title":{"rendered":"Cuando bajan los esp\u00edritus: una minga de sabores"},"content":{"rendered":"<div> \t<\/div>\n<div> \tIII Encuentro Cultural &ldquo;\u00c1lvaro Ulcu\u00e9 Chocu\u00e9&rdquo;,\u00a0Los esp\u00edritus nos convocan.\u00a0Nuevamente los esp\u00edritus nos convocan. En noviembre, el mes de las \u00e1nimas, celebramos el \u00c7xapu\u00e7, &ldquo;cuando bajan los esp\u00edritus&rdquo;. All\u00ed servimos platos de comidas t\u00edpicas y los esp\u00edritus bajan a comer los mismos manjares que les gustaba saborear en la anterior etapa de su vida. Los esp\u00edritus son visibles, materiales, se presentan en forma de mariposa. Las mariposas son nuestros familiares que bajan dej\u00e1ndose invitar a una minga de sabores.<\/div>\n<p>  <!--more-->  <\/p>\n<div> \t\u00a0<\/div>\n<p> \t<img alt=\"alt\" src=\"http:\/\/www.nasaacin.org\/images\/stories\/alvarocultural.jpg\" style=\"float: left; margin: 5px; \" \/><\/p>\n<div> \tNoviembre es tambi\u00e9n el mes del aniversario de un esp\u00edritu grande, el de Nasa Pal, \u00c1lvaro Ulcu\u00e9 Chocu\u00e9. El 10 de noviembre de 1984 fue asesinado en Santander de Quilichao y desde entonces cada a\u00f1o celebramos su memoria, su vida hecha camino. Con \u00e9l recordamos a Crist\u00f3bal, Marden, Rosa Elena, el mayor Lizandro, Salatiel&hellip; Juntos nos convocan a caminar con la comunidad, fieles a sus saberes, y nos acompa\u00f1an en ese camino.\u00a0<\/div>\n<div> \t\u00a0<\/div>\n<div> \tDesde hace dos a\u00f1os el encuentro cultural es el momento para conmemorar la vida de \u00c1lvaro. El trabajo, los proyectos, el servicio a la comunidad, son parte del camino del plan de vida. Ese camino que hacemos de manera alegre y festiva contin\u00faa con otros momentos que nos permiten mostrar otras cualidades como el arte, la cultura, el folclor, las habilidades y destrezas deportivas, entre otros. Sin dejar de reflexionar sobre la historia, el momento actual y el futuro, recordamos a los que no est\u00e1n, o est\u00e1n adelante de nosotros, y debemos recordarlos con alegr\u00eda, recreando y viviendo nuestros escenarios propios, como el \u00c7xapu\u00e7. Los esp\u00edritus nos convocan a continuar el camino sin agachar la cabeza y sin perder la alegr\u00eda.<\/div>\n<div> \t\u00a0<\/div>\n<div> \tEs por esto que este a\u00f1o 2012 realizaremos la tercera versi\u00f3n del &ldquo;Encuentro Cultural \u00c1lvaro Ulcu\u00e9 Chocu\u00e9&rdquo; del 6 al 11 de noviembre en el Cecidic, alrededor de la conmemoraci\u00f3n del aniversario n\u00famero 28 de la muerte de \u00c1lvaro, l\u00edder inspirador del Proyecto Nasa, de la educaci\u00f3n, de la cultura, del mismo Cecidic: abrimos la invitaci\u00f3n a todos y todas.\u00a0<\/div>\n<div> \t\u00a0<\/div>\n<div> \t<span style=\"font-size:14px;\"><strong>Actividades generales<\/strong><\/span><\/div>\n<div> \t\u00a0<\/div>\n<div> \t<strong>&#8211;<span class=\"Apple-tab-span\" style=\"white-space:pre\"> <\/span>Martes 6<\/strong>: lanzamiento del evento con carrozas y comparsas. Celebraci\u00f3n del Ritual del \u00c7xapu\u00e7.<\/div>\n<div> \t<strong>&#8211;<span class=\"Apple-tab-span\" style=\"white-space:pre\"> <\/span>Mi\u00e9rcoles 7<\/strong>: concursos de m\u00fasica, pintura y dibujo.<\/div>\n<div> \t<strong>&#8211;<span class=\"Apple-tab-span\" style=\"white-space:pre\"> <\/span>Jueves 8<\/strong>: concurso de danzas y eventos deportivos.<\/div>\n<div> \t<strong>&#8211;<span class=\"Apple-tab-span\" style=\"white-space:pre\"> <\/span>Viernes 9<\/strong>: evento de reconciliaci\u00f3n con ni\u00f1os, ni\u00f1as y j\u00f3venes.\u00a0<\/div>\n<div> \t<strong>&#8211;<span class=\"Apple-tab-span\" style=\"white-space:pre\"> <\/span>Viernes 9 y s\u00e1bado 10<\/strong>: exposiciones artesanales, agropecuarias, agroindustriales, pedag\u00f3gicas y gastron\u00f3micas.<\/div>\n<div> \t<strong>&#8211;<span class=\"Apple-tab-span\" style=\"white-space:pre\"> <\/span>S\u00e1bado 10<\/strong>: Conmemoraci\u00f3n del aniversario n\u00famero 28 de la muerte del padre \u00c1lvaro Ulcu\u00e9 Chocu\u00e9.\u00a0<\/div>\n<div> \t<strong>&#8211;<span class=\"Apple-tab-span\" style=\"white-space:pre\"> <\/span>Domingo 11:<\/strong> II Encuentro de m\u00fasica campesina, afro e ind\u00edgena &ldquo;Encantos de mi tierra&rdquo;, clasificatorio para el evento zonal del mismo nombre.<\/div>\n<div> \t\u00a0<\/div>\n<div> \t\u00a0<\/div>\n<div> \t<strong>Organizaci\u00f3n y coordinaci\u00f3n<\/strong><\/div>\n<div> \t\u00a0<\/div>\n<div> \t<span style=\"font-size:14px;\"><strong>Cecidic\u00a0<\/strong><\/span><\/div>\n<div> \t<span style=\"font-size:14px;\"><strong>Instituci\u00f3n Educativa Eduardo Santos<\/strong><\/span><\/div>\n<div> \t<span style=\"font-size:14px;\"><strong>Alcald\u00eda Municipal de Torib\u00edo<\/strong><\/span><\/div>\n<div> \t<span style=\"font-size:14px;\"><strong>Proyecto Nasa<\/strong><\/span><\/div>\n<div> \t<span style=\"font-size:14px;\"><strong>Movimiento Juvenil \u00c1lvaro Ulcu\u00e9<\/strong><\/span><\/div>\n<div> \t<span style=\"font-size:14px;\"><strong>Tejido de Comunicaci\u00f3n ACIN<\/strong><\/span><\/div>\n","protected":false},"excerpt":{"rendered":"<p>III Encuentro Cultural &ldquo;\u00c1lvaro Ulcu\u00e9 Chocu\u00e9&rdquo;,\u00a0Los esp\u00edritus nos convocan.\u00a0Nuevamente los esp\u00edritus nos convocan. En noviembre, el mes de las \u00e1nimas, celebramos el \u00c7xapu\u00e7, &ldquo;cuando bajan los esp\u00edritus&rdquo;. All\u00ed servimos platos de comidas [&hellip;]<\/p>\n","protected":false},"author":2,"featured_media":0,"comment_status":"open","ping_status":"open","sticky":false,"template":"","format":"standard","meta":[],"categories":[73],"tags":[],"_links":{"self":[{"href":"https:\/\/tejidohistorico.afrodescendientes.com\/index.php\/wp-json\/wp\/v2\/posts\/4731"}],"collection":[{"href":"https:\/\/tejidohistorico.afrodescendientes.com\/index.php\/wp-json\/wp\/v2\/posts"}],"about":[{"href":"https:\/\/tejidohistorico.afrodescendientes.com\/index.php\/wp-json\/wp\/v2\/types\/post"}],"author":[{"embeddable":true,"href":"https:\/\/tejidohistorico.afrodescendientes.com\/index.php\/wp-json\/wp\/v2\/users\/2"}],"replies":[{"embeddable":true,"href":"https:\/\/tejidohistorico.afrodescendientes.com\/index.php\/wp-json\/wp\/v2\/comments?post=4731"}],"version-history":[{"count":0,"href":"https:\/\/tejidohistorico.afrodescendientes.com\/index.php\/wp-json\/wp\/v2\/posts\/4731\/revisions"}],"wp:attachment":[{"href":"https:\/\/tejidohistorico.afrodescendientes.com\/index.php\/wp-json\/wp\/v2\/media?parent=4731"}],"wp:term":[{"taxonomy":"category","embeddable":true,"href":"https:\/\/tejidohistorico.afrodescendientes.com\/index.php\/wp-json\/wp\/v2\/categories?post=4731"},{"taxonomy":"post_tag","embeddable":true,"href":"https:\/\/tejidohistorico.afrodescendientes.com\/index.php\/wp-json\/wp\/v2\/tags?post=4731"}],"curies":[{"name":"wp","href":"https:\/\/api.w.org\/{rel}","templated":true}]}}