{"id":4749,"date":"2012-10-29T16:17:30","date_gmt":"2012-10-29T16:17:30","guid":{"rendered":"http:\/\/www2.nasaacin.org\/index.php\/2012\/10\/29\/cauca-qpensar-en-la-comunicacion-propia-para-ser-mas-fuertesq\/"},"modified":"2012-10-29T16:17:30","modified_gmt":"2012-10-29T16:17:30","slug":"cauca-qpensar-en-la-comunicacion-propia-para-ser-mas-fuertesq","status":"publish","type":"post","link":"https:\/\/tejidohistorico.afrodescendientes.com\/index.php\/2012\/10\/29\/cauca-qpensar-en-la-comunicacion-propia-para-ser-mas-fuertesq\/","title":{"rendered":"Cauca: &#8220;Pensar en la comunicaci\u00f3n propia para ser m\u00e1s fuertes&#8221;"},"content":{"rendered":"<div> \t<\/div>\n<div> \tLos dinamizadores psicosociales del tejido Defensa de la vida y los DD.HH quienes apoyan el proyecto &ldquo;Asistencia a poblaci\u00f3n civil afectada por acciones del conflicto en el norte del Cauca&rdquo; y los estudiantes de &ldquo;casa para revivir el pensamiento&rdquo; de Torib\u00edo, se concentraron en el resguardo de Canoas, el pasado 19 de octubre del 2012.<\/div>\n<p>  <!--more-->  <\/p>\n<div> \t\u00a0<\/div>\n<div> \tEl Tejido de Comunicaci\u00f3n &ndash; ACIN acompa\u00f1\u00f3 a este grupo de dinamizadores comunitarios, \u00a0para reflexionar sobre las formas propias de comunicaci\u00f3n y de entender la comunicaci\u00f3n como una herramienta pol\u00edtica para la defensa y la protecci\u00f3n de la Madre Tierra.<\/div>\n<div> \t\u00a0<\/div>\n<div> \t\u00a0Las y los participantes de los diferentes resguardos del norte del Cauca, expresaron la importancia de estar informados y pendientes de lo que sucede en los diferentes resguardos ind\u00edgenas, &ldquo;nosotros escuchamos las emisoras comunitarias (Radio Nasa, Radio Pa\u00b4yumat) y ah\u00ed nos damos cuenta de las actividades y de las emergencias de nuestro territorio&rdquo;, los espacios informativos de las emisoras comunitarias e ind\u00edgenas son claves para el fortalecimiento de los Pueblos Ind\u00edgenas porque ah\u00ed se da a conocer las actividades de mingas, reuniones, asambleas, rituales, culturales entre otras, tambi\u00e9n se informa sobre el contexto nacional e internacional de los dem\u00e1s pueblos y procesos sociales. \u00a0<\/div>\n<div> \t\u00a0<\/div>\n<div> \tLa televisi\u00f3n ha cogido auge en los hogares, la podemos ver en internet y es una herramienta que podemos aprovechar para mostrar los documentales y visibilizar las actividades de la gente. Pero con la llegada de la televisi\u00f3n se han perdido espacios propios de la comunidad: &ldquo;Ya no nos sentamos con los mayores a hablar, ya no sembramos la tierra, ya no tejemos las jigras&rdquo;, ahora desde los diferentes espacios se est\u00e1 revitalizando las costumbres y las tradiciones.\u00a0<\/div>\n<div> \t\u00a0<\/div>\n<div> \t&ldquo;Los medios de comunicaci\u00f3n son herramientas fundamentales para transmitir mensajes, se puede utilizar para bien o para mal; y est\u00e1 de por medio la comunicaci\u00f3n propia como es la comunicaci\u00f3n con los The Walas (m\u00e9dicos tradicionales) y la Madre Tierra&rdquo;, fue otra expresi\u00f3n que se dijo por la preocupaci\u00f3n de que los medios masivos se est\u00e1n imponiendo por encima de los espacios propios de comunicaci\u00f3n.<\/div>\n<div> \t\u00a0<\/div>\n<div> \tEn este encuentro se hizo un an\u00e1lisis de medios frente a los hechos de <a href=\"http:\/\/nasaacin.org\/noticias\/3-newsflash\/4340-los-medios-oficiales-le-hacen-eco-a-las-mentiras-de-los-militares\">El cerro del Berl\u00edn &ndash; Toribio<\/a>. Se miraron algunas im\u00e1genes que los noticieros mostraron en esos d\u00edas y los participantes hicieron sus apreciaciones: &ldquo; Cuando sucedi\u00f3 lo de Toribio, yo estaba ah\u00ed y cuando llegu\u00e9 a mi casa mi familia hab\u00eda visto los noticieros de los medios masivos y se creyeron el cuento de que los guardias eran agresivos&hellip;yo les dije que al principio se habl\u00f3 por las buenas, se le dijo al ej\u00e9rcito que desalojaran pero no lo hicieron y por eso toc\u00f3 cargarlos, ellos (los soldados) dispararon al aire, tiraron gases, pero en los noticieros le dieron palo (\u00e9nfasis) a una imagen de un se\u00f1or levantando un machete y al repetir tanto esta imagen la gente empez\u00f3 a hablar mal de los ind\u00edgenas&rdquo;.<\/div>\n<div> \t\u00a0<\/div>\n<div> \tA partir de estas reflexiones se habl\u00f3 de tener los medios propios de comunicaci\u00f3n, de fortalecer las emisoras comunitarias y se insisti\u00f3 en las formas propias de comunicaci\u00f3n: &ldquo;Pensar en c\u00f3mo la comunicaci\u00f3n nos ayuda a ser m\u00e1s fuertes; de no perder la comunicaci\u00f3n de persona a persona; hay cosas que se pueden decir en los medios pero no se puede decir cosas que le hacen da\u00f1o a la comunidad; de continuar visitando a las familias de casa en casa; seguir utilizando el cacho, los pitos, los fuetones para alertar a la comunidad; no olvidar el manejo de los s\u00edmbolos propios en los chumbes y los tejidos; las se\u00f1ales de la naturaleza: el trueno, el arco, el sol, las nubes, el sonido del r\u00edo, los p\u00e1jaros, el viento y los sue\u00f1os siempre nos est\u00e1n comunicando algo \u00a0y los m\u00e1s esencial seguir hablando el Idioma propio &ndash; Nasa Yuwe&rdquo;.<\/div>\n<div> \t\u00a0<\/div>\n<div> \tPara terminar el taller se presentaron los videos de la &ldquo;Abuela grillo&rdquo; y &ldquo;Sipakapa no se vende&rdquo;, se habl\u00f3 sobre la defensa de la Madre Tierra, que el problema de la miner\u00eda en Guatemala, de Bolivia, de Per\u00fa y de los dem\u00e1s pa\u00edses donde se imponen estas multinacionales no se debe entender por separado, es un problema de todos. Se concluy\u00f3 que el trabajo de Derechos Humanos no se debe entender solo de v\u00edctimas, sino que hablar de la agresi\u00f3n a la vida y a toda su naturaleza deben ser temas que todos debemos manejar para que entre todas y todos nos sigamos concientizando. \u00a0 \u00a0 \u00a0<\/div>\n<div> \t\u00a0<\/div>\n<div> \tEl resto de d\u00edas del encuentro particip\u00f3, Felipe Camacho Otero, artista pl\u00e1stico de la corporaci\u00f3n SUMARSE. Trabaj\u00f3 el tema de Reportaje fotogr\u00e1fico y de video, herramientas para el fortalecimiento del proceso organizativo ind\u00edgena.<\/div>\n<div> \t\u00a0<\/div>\n<div> \tEste encuentro con los dinamizadores psicosociales del tejido Defensa de la vida y los DD.HH, permiti\u00f3 intercambiar ideas y reflexiones sobre qu\u00e9 entendemos por comunicaci\u00f3n en las comunidades ind\u00edgenas y cu\u00e1l es la agresi\u00f3n al Plan de Vida y a los territorios, mirando como estrategia las pr\u00e1cticas culturales y el no olvidarnos del manejo de la comunicaci\u00f3n propia en nuestras comunidades.<\/div>\n<div> \t\u00a0<\/div>\n<div> \t<strong>Tejido de Comunicaci\u00f3n &#8211; ACIN<\/strong><\/div>\n<div> \ttejidocomunicacion@gmail.com<\/div>\n","protected":false},"excerpt":{"rendered":"<p>Los dinamizadores psicosociales del tejido Defensa de la vida y los DD.HH quienes apoyan el proyecto &ldquo;Asistencia a poblaci\u00f3n civil afectada por acciones del conflicto en el norte del Cauca&rdquo; y los [&hellip;]<\/p>\n","protected":false},"author":2,"featured_media":0,"comment_status":"open","ping_status":"open","sticky":false,"template":"","format":"standard","meta":[],"categories":[73],"tags":[],"_links":{"self":[{"href":"https:\/\/tejidohistorico.afrodescendientes.com\/index.php\/wp-json\/wp\/v2\/posts\/4749"}],"collection":[{"href":"https:\/\/tejidohistorico.afrodescendientes.com\/index.php\/wp-json\/wp\/v2\/posts"}],"about":[{"href":"https:\/\/tejidohistorico.afrodescendientes.com\/index.php\/wp-json\/wp\/v2\/types\/post"}],"author":[{"embeddable":true,"href":"https:\/\/tejidohistorico.afrodescendientes.com\/index.php\/wp-json\/wp\/v2\/users\/2"}],"replies":[{"embeddable":true,"href":"https:\/\/tejidohistorico.afrodescendientes.com\/index.php\/wp-json\/wp\/v2\/comments?post=4749"}],"version-history":[{"count":0,"href":"https:\/\/tejidohistorico.afrodescendientes.com\/index.php\/wp-json\/wp\/v2\/posts\/4749\/revisions"}],"wp:attachment":[{"href":"https:\/\/tejidohistorico.afrodescendientes.com\/index.php\/wp-json\/wp\/v2\/media?parent=4749"}],"wp:term":[{"taxonomy":"category","embeddable":true,"href":"https:\/\/tejidohistorico.afrodescendientes.com\/index.php\/wp-json\/wp\/v2\/categories?post=4749"},{"taxonomy":"post_tag","embeddable":true,"href":"https:\/\/tejidohistorico.afrodescendientes.com\/index.php\/wp-json\/wp\/v2\/tags?post=4749"}],"curies":[{"name":"wp","href":"https:\/\/api.w.org\/{rel}","templated":true}]}}