{"id":4759,"date":"2012-10-30T23:42:37","date_gmt":"2012-10-30T23:42:37","guid":{"rendered":"http:\/\/www2.nasaacin.org\/index.php\/2012\/10\/30\/mexico-sin-jovenes-rebeldes-no-hay-cambios-ni-revoluciones-raul-zibechi\/"},"modified":"2012-10-30T23:42:37","modified_gmt":"2012-10-30T23:42:37","slug":"mexico-sin-jovenes-rebeldes-no-hay-cambios-ni-revoluciones-raul-zibechi","status":"publish","type":"post","link":"https:\/\/tejidohistorico.afrodescendientes.com\/index.php\/2012\/10\/30\/mexico-sin-jovenes-rebeldes-no-hay-cambios-ni-revoluciones-raul-zibechi\/","title":{"rendered":"M\u00e9xico: \u201cSin j\u00f3venes rebeldes no hay cambios ni revoluciones\u201d: Ra\u00fal Zibechi"},"content":{"rendered":"<div> \t<\/div>\n<div> \t&ldquo;El pasado es referencia, no prisi\u00f3n, por eso los recambios generacionales que suceden cada cierto tiempo, son nueva vida y sin ellos no habr\u00eda continuidad en las resistencias y en las luchas. Si nos dejamos atrapar por el pasado, la creatividad y la vida deja de tener sentido, pues repetir lo ya conocido es muerte&rdquo;, sostuvo el periodista uruguayo Ra\u00fal Zibechi durante la charla &ldquo;La emergencia juvenil en Am\u00e9rica&rdquo;.<\/div>\n<p>  <!--more-->  <\/p>\n<div> \t\u00a0<\/div>\n<div> \tEl escritor celebr\u00f3 el irrespeto a los caminos trazados por las generaciones anteriores y los espacios que est\u00e1n abriendo los j\u00f3venes de Chile, M\u00e9xico, Argentina, Colombia y el resto de Am\u00e9rica. &ldquo;Hoy, aparte de una irrupci\u00f3n juvenil importante, hay una irrupci\u00f3n juvenil de los abajos. Se trata de una nueva generaci\u00f3n que no se est\u00e1 dejando atrapar por estructuras burocr\u00e1ticas, sino que est\u00e1 buscando abrir sus propios espacios. Es una generaci\u00f3n que no tiene necesidad de l\u00edderes individuales y en la que cada vez hay mayor participaci\u00f3n de mujeres y de j\u00f3venes de periferias urbanas y clases pobres&rdquo;, se\u00f1al\u00f3 Zibechi.<\/div>\n<div> \t\u00a0<\/div>\n<div> \tReunidos en la sala Jos\u00e9 Gaos, del Instituto de Investigaciones Filos\u00f3ficas de la Universidad Nacional Aut\u00f3noma de M\u00e9xico (UNAM), \u00a0Ra\u00fal Zibechi; Fabio Alkim y Brisa Araujo, de la Universidad de Sao Paulo; Alexandre Beaudoin, de la Universidad de Montreal; Natalia Elgueta, de la Universidad Cat\u00f3lica de Chile; Javier Bautista, de la Universidad Iberoamericana e integrante del movimiento #YoSoy132; y Camilo Ceja, de la Normal Rural Vasco de Quiroga en Tiripet\u00edo, Michoac\u00e1n, hablaron sobre la situaci\u00f3n de la lucha por la educaci\u00f3n en cada uno sus pa\u00edses y de los movimientos juveniles que durante los \u00faltimos a\u00f1os han surgido alrededor del mundo.<\/div>\n<div> \t\u00a0<\/div>\n<div> \t&ldquo;Ser joven y no ser revolucionario es una contradicci\u00f3n hasta biol\u00f3gica&rdquo;, record\u00f3 frente a un aula repleta Adazahira Ch\u00e1vez, de Desinform\u00e9monos, \u00a0tras la presentaci\u00f3n de un video con im\u00e1genes de las coberturas a movimientos estudiantiles que durante el \u00faltimo a\u00f1o ha realizado el equipo de la revista electr\u00f3nica.<\/div>\n<div> \t\u00a0<\/div>\n<div> \tFabio Alkim, de Brasil, advirti\u00f3 sobre la importancia de no idealizar el crecimiento econ\u00f3mico de su pa\u00eds, pues esta idea se basa en &ldquo;datos que esconden muchas desigualdades internas&rdquo;, que incluyen la modernizaci\u00f3n, privatizaci\u00f3n y mercantilizaci\u00f3n de las universidades federales y sus diversas \u00e1reas, por ejemplo, el financiamiento de las investigaciones en manos privada. Y entonces, se pregunta Alkim, &ldquo;\u00bfqui\u00e9n va a financiar las investigaciones que buscan generar un conocimiento cr\u00edtico para la sociedad?&rdquo;<\/div>\n<div> \t\u00a0<\/div>\n<div> \tDurante su participaci\u00f3n, Brisa Araujo, de la Universidad de Sao Paulo, habl\u00f3 sobre la huelga estudiantil del primer semestre del 2012, que dur\u00f3 113 d\u00edas y en la cual participaron 95 por ciento de universidades federales y bachilleratos. Esta huelga, dijo, ha sido &ldquo;la m\u00e1s larga de la historia estudiantil brasile\u00f1a&rdquo;.<\/div>\n<div> \t\u00a0<\/div>\n<div> \tAraujo dijo que el gobierno busca defenderse, recalcando el hecho de que se crearon 14 universidades federales, &ldquo;pero \u00bfqu\u00e9 universidades? Se abrieron campus nuevos, con estructuras precarias, sin bibliotecas, sin comedores universitarios, con contrataciones precarias de profesores, bajo el modelo sustituto, sin ninguna clase de garant\u00eda, sin planes de carrera y con una inminente sobrepoblaci\u00f3n, pues en el Plan de Restructuraci\u00f3n y Expansi\u00f3n, se advierte que ser\u00e1n duplicadas las vacantes en las universidades&rdquo;.<\/div>\n<div> \t\u00a0<\/div>\n<div> \tEl quebequense Alexandre Beaudoin ley\u00f3 una cr\u00f3nica de la llamada Primavera Maple, explicando su origen y destacando el apoyo que la sociedad de Montreal brind\u00f3 a los j\u00f3venes que se manifestaban en contra de un aumento del 75 por ciento en el costo de la matr\u00edcula que el primer ministro, Jean Charest, hab\u00eda anunciado desde 2010. Mediante marchas (en las que se llegaron a contabilizar 300 mil manifestantes en las calles, en una ciudad habitada por 2 millones), cacerolazos y dem\u00e1s muestras de solidaridad, los habitante de Quebec llevaron adelante un movimiento de &ldquo;desobediencia civil pac\u00edfica&rdquo;, explic\u00f3 el estudiante canadiense.<\/div>\n<div> \t\u00a0<\/div>\n<div> \tBeaudoin recalc\u00f3 la importancia de YouTube, Twitter, Facebook y dem\u00e1s redes sociales, que se convirtieron en sede de &ldquo;una batalla virtual&rdquo; en la que se filmaban las manifestaciones, as\u00ed como la violencia y brutalidad ejercida contra estudiantes y periodistas. La instauraci\u00f3n de la Ley 12, que no permit\u00eda la reuni\u00f3n de grupos de m\u00e1s de 50 personas, llev\u00f3 a la indignaci\u00f3n de toda la poblaci\u00f3n. La derrota final para el gobierno se vio en las elecciones de 2012 en las que perdi\u00f3 el gobierno de Charest, y fue derogada la propuesta del aumento a la matr\u00edcula, as\u00ed como la Ley 12.<\/div>\n<div> \t\u00a0<\/div>\n<div> \tLa estudiante chilena Natalia Elgueta esboz\u00f3 un retrato de la situaci\u00f3n de la educaci\u00f3n en Chile, desde el nivel b\u00e1sico hasta el superior. Se refiri\u00f3 a la gran contradicci\u00f3n que existe entre la presentaci\u00f3n que se hace al mundo de su pa\u00eds &ldquo;como una posible potencia emergente, similar al caso de Brasil&rdquo;, con la realidad de su poblaci\u00f3n, en especial de los estudiantes. &ldquo;Todas las universidades en Chile hay que pagarlas, y a\u00fan queda mucho por hacer ante un sistema educativo heredado por la dictadura pinochetista, pero los j\u00f3venes no estamos atreviendo por fin a so\u00f1ar&rdquo;, dijo.<\/div>\n<div> \t\u00a0<\/div>\n<div> \tLa juventud mexicana estuvo representada por Javier Bautista, profesor de la Universidad Iberoamericana e integrante del movimiento #YoSoy132, y por Camilo Ceja, de la Normal Rural de Trirpet\u00edo, en Michoac\u00e1n. El primero enfatiz\u00f3 en el hecho de que &ldquo;no hay certeza de lo que puede venir o pasar con este movimiento, pero se debe destacar que signific\u00f3 el surgimiento de una nueva conciencia y la tendencia a construir nuevas redes&rdquo;. Por su parte, Camilo Ceja ley\u00f3 una carta de la Federaci\u00f3n de Estudiantes Campesinos Socialistas Unidos de M\u00e9xico (FECSUM) y de la Organizaci\u00f3n de Normales Oficiales del Estado de Michoac\u00e1n (ONOEM) en la que acus\u00f3 al Estado de una &ldquo;imposici\u00f3n de la privatizaci\u00f3n de la educaci\u00f3n&rdquo; y exigi\u00f3, entre otras cosas, la cancelaci\u00f3n de la reforma laboral \u00a0y libertad a los presos pol\u00edticos y de conciencia.<\/div>\n<div> \t\u00a0<\/div>\n<div> \tTambi\u00e9n fue le\u00edda una carta del pueblo guaran\u00ed-kaiow\u00e1, en la que \u00e9stos anuncian el exterminio de su comunidad, y piden ser enterrados en las mismas tierras donde se encuentran enterrados sus antepasados, y se anunci\u00f3 una manifestaci\u00f3n que se realizar\u00e1 frente a la Embajada de Brasil en M\u00e9xico, para protestar contra las acciones gubernamentales que en pos de la modernidad y el desarrollo econ\u00f3mico, atropellan los derechos humanos de miles de grupos ind\u00edgenas.<\/div>\n<div> \t\u00a0<\/div>\n<div> \t<a href=\"http:\/\/new.livestream.com\/accounts\/547868\/events\/1634025\">Haz clic aqu\u00ed para ver el video completo de la charla &ldquo;La emergencia juvenil en Am\u00e9rica&rdquo; [1]<\/a><\/div>\n<div> \t\u00a0<\/div>\n<div> \tBy <strong>marchela<\/strong> On octubre 28,<\/div>\n<div> \t\u00a0<\/div>\n<div> \t<a href=\"http:\/\/desinformemonos.org\/2012\/10\/charla-la-emergencia-juvenil-en-america\/print\/\">http:\/\/desinformemonos.org\/2012\/10\/charla-la-emergencia-juvenil-en-america\/print\/<\/a><\/div>\n<div> \t\u00a0<\/div>\n<p> \t\u00a0<\/p>\n","protected":false},"excerpt":{"rendered":"<p>&ldquo;El pasado es referencia, no prisi\u00f3n, por eso los recambios generacionales que suceden cada cierto tiempo, son nueva vida y sin ellos no habr\u00eda continuidad en las resistencias y en las luchas. [&hellip;]<\/p>\n","protected":false},"author":2,"featured_media":0,"comment_status":"open","ping_status":"open","sticky":false,"template":"","format":"standard","meta":[],"categories":[3],"tags":[],"_links":{"self":[{"href":"https:\/\/tejidohistorico.afrodescendientes.com\/index.php\/wp-json\/wp\/v2\/posts\/4759"}],"collection":[{"href":"https:\/\/tejidohistorico.afrodescendientes.com\/index.php\/wp-json\/wp\/v2\/posts"}],"about":[{"href":"https:\/\/tejidohistorico.afrodescendientes.com\/index.php\/wp-json\/wp\/v2\/types\/post"}],"author":[{"embeddable":true,"href":"https:\/\/tejidohistorico.afrodescendientes.com\/index.php\/wp-json\/wp\/v2\/users\/2"}],"replies":[{"embeddable":true,"href":"https:\/\/tejidohistorico.afrodescendientes.com\/index.php\/wp-json\/wp\/v2\/comments?post=4759"}],"version-history":[{"count":0,"href":"https:\/\/tejidohistorico.afrodescendientes.com\/index.php\/wp-json\/wp\/v2\/posts\/4759\/revisions"}],"wp:attachment":[{"href":"https:\/\/tejidohistorico.afrodescendientes.com\/index.php\/wp-json\/wp\/v2\/media?parent=4759"}],"wp:term":[{"taxonomy":"category","embeddable":true,"href":"https:\/\/tejidohistorico.afrodescendientes.com\/index.php\/wp-json\/wp\/v2\/categories?post=4759"},{"taxonomy":"post_tag","embeddable":true,"href":"https:\/\/tejidohistorico.afrodescendientes.com\/index.php\/wp-json\/wp\/v2\/tags?post=4759"}],"curies":[{"name":"wp","href":"https:\/\/api.w.org\/{rel}","templated":true}]}}